{"id":172,"date":"2014-03-10T11:12:23","date_gmt":"2014-03-10T09:12:23","guid":{"rendered":"http:\/\/blog.fh-kaernten.at\/klemenjak\/?p=172"},"modified":"2018-07-19T16:15:20","modified_gmt":"2018-07-19T14:15:20","slug":"kaerntner-lehrlingsausbilderinnen-vernetzen-sich-an-der-fachhochschule-kaernten","status":"publish","type":"post","link":"https:\/\/blog.fh-kaernten.at\/klemenjak\/2014\/03\/10\/kaerntner-lehrlingsausbilderinnen-vernetzen-sich-an-der-fachhochschule-kaernten\/","title":{"rendered":"K\u00e4rntner Lehrlingsausbilder\/innen vernetzen sich an der Fachhochschule K\u00e4rnten"},"content":{"rendered":"<p><b><a href=\"http:\/\/blog.fh-kaernten.at\/klemenjak\/files\/2014\/03\/IMG_3299.jpg\"><img fetchpriority=\"high\" decoding=\"async\" class=\"size-medium wp-image-173 alignleft\" src=\"http:\/\/blog.fh-kaernten.at\/klemenjak\/files\/2014\/03\/IMG_3299-300x200.jpg\" alt=\"IMG_3299\" width=\"300\" height=\"200\" srcset=\"https:\/\/blog.fh-kaernten.at\/klemenjak\/files\/2014\/03\/IMG_3299-300x200.jpg 300w, https:\/\/blog.fh-kaernten.at\/klemenjak\/files\/2014\/03\/IMG_3299-1024x682.jpg 1024w, https:\/\/blog.fh-kaernten.at\/klemenjak\/files\/2014\/03\/IMG_3299-900x600.jpg 900w\" sizes=\"(max-width: 300px) 100vw, 300px\" \/><\/a><\/b><\/p>\n<p><b>Mehr als 60 Personen trafen sich an der Fachhochschule K\u00e4rnten in Feldkirchen beim \u201e1. K\u00e4rntner Vernetzungstreffen f\u00fcr Lehrlingsausbilder\/innen\u201c um sich \u00fcber aktuelle Entwicklungen zu informieren und um zu diskutieren<\/b><\/p>\n<p>Auf Initiative von Martin Klemenjak vom Studiengang Soziale Arbeit der FH K\u00e4rnten in Feldkirchen fand am Donnerstag, dem 6. M\u00e4rz 2014 das \u201e1. K\u00e4rntner Vernetzungstreffen f\u00fcr Lehrlingsausbilder\/innen\u201c statt. Klemenjak war selbst mehr als zehn Jahre in der kommunalen Lehrlingsausbildung t\u00e4tig und kennt die Herausforderungen beim \u00dcbergang von der Schule ins Erwerbsleben aus seiner Arbeit mit Jugendlichen, jungen Erwachsenen und Lehrlingsausbilder\/innen. \u201eFast 40 % der Jugendlichen entscheiden sich f\u00fcr eine Lehre. Gleichzeitig finden in diesem Berufsbildungssektor gro\u00dfe Umbr\u00fcche und Ver\u00e4nderungen statt. Daraus ergibt sich ein hoher Reflexionsbedarf. Leider ist festzustellen, dass die wissenschaftliche Reflexion tendenziell unterbelichtet ist\u201c, so Klemenjak von der FH K\u00e4rnten.<\/p>\n<p>Dieser Umstand wurde zum Anlass genommen, das \u201e1. K\u00e4rntner Vernetzungstreffen f\u00fcr Lehrlingsausbilder\/innen\u201c zu konzipieren und umzusetzen. Begr\u00fc\u00dft wurden die Teilnehmer\/innen vom Vorstandsvorsitzenden der FH K\u00e4rnten, Professor Erich Leitner. Neben einem Kennenlernen der anderen Teilnehmer\/innen und einem Fachvortrag zum Thema \u201eZahlen, Daten &amp; Fakten zur Lehrlingsausbildung\u201c pr\u00e4sentierten Studierende der Sozialen Arbeit ihre Konzepte zum Thema \u201eDer \u00dcbergang von der Schule in die Ausbildung bzw. das Erwerbsleben\u201c. Im zweiten Teil der Veranstaltung wurden Themen f\u00fcr m\u00f6gliche weitere Vernetzungstreffen gesammelt und abschlie\u00dfend die Vorgehensweise besprochen. Ein Ausblick bildete den Abschluss des Treffens.<\/p>\n<p>Am Vernetzungstreffen nahmen \u2013 unter anderem \u2013 Personen aus folgenden Institutionen teil: Flextronics Althofen, pro mente k\u00e4rnten, M\u00e4dchenzentrum Klagenfurt, MAHLE Filtersysteme, Diakonie de La Tour, BFI K\u00e4rnten, Stadtgemeinde Wolfsberg, \u00d6GB-Ausbildungszentrum Krumpendorf, Polytechnische Schule Feldkirchen, IKEA Klagenfurt, Amt der K\u00e4rntner Landesregierung, Treibacher Industrie AG, Veitsch-Radex, Landesinnung Bau und pro mente: kinder jugend familie<\/p>\n","protected":false},"excerpt":{"rendered":"<p>Mehr als 60 Personen trafen sich an der Fachhochschule K\u00e4rnten in Feldkirchen beim \u201e1. K\u00e4rntner Vernetzungstreffen f\u00fcr Lehrlingsausbilder\/innen\u201c um sich \u00fcber aktuelle Entwicklungen zu informieren und um zu diskutieren Auf Initiative von Martin Klemenjak vom Studiengang Soziale Arbeit der FH K\u00e4rnten in Feldkirchen fand am Donnerstag, dem 6. M\u00e4rz 2014 das \u201e1. K\u00e4rntner Vernetzungstreffen f\u00fcr [&hellip;]<\/p>\n","protected":false},"author":67,"featured_media":173,"comment_status":"open","ping_status":"open","sticky":false,"template":"","format":"standard","meta":{"inline_featured_image":false,"footnotes":""},"categories":[1],"tags":[],"class_list":["post-172","post","type-post","status-publish","format-standard","has-post-thumbnail","hentry","category-allgemein"],"_links":{"self":[{"href":"https:\/\/blog.fh-kaernten.at\/klemenjak\/wp-json\/wp\/v2\/posts\/172","targetHints":{"allow":["GET"]}}],"collection":[{"href":"https:\/\/blog.fh-kaernten.at\/klemenjak\/wp-json\/wp\/v2\/posts"}],"about":[{"href":"https:\/\/blog.fh-kaernten.at\/klemenjak\/wp-json\/wp\/v2\/types\/post"}],"author":[{"embeddable":true,"href":"https:\/\/blog.fh-kaernten.at\/klemenjak\/wp-json\/wp\/v2\/users\/67"}],"replies":[{"embeddable":true,"href":"https:\/\/blog.fh-kaernten.at\/klemenjak\/wp-json\/wp\/v2\/comments?post=172"}],"version-history":[{"count":0,"href":"https:\/\/blog.fh-kaernten.at\/klemenjak\/wp-json\/wp\/v2\/posts\/172\/revisions"}],"wp:featuredmedia":[{"embeddable":true,"href":"https:\/\/blog.fh-kaernten.at\/klemenjak\/wp-json\/wp\/v2\/media\/173"}],"wp:attachment":[{"href":"https:\/\/blog.fh-kaernten.at\/klemenjak\/wp-json\/wp\/v2\/media?parent=172"}],"wp:term":[{"taxonomy":"category","embeddable":true,"href":"https:\/\/blog.fh-kaernten.at\/klemenjak\/wp-json\/wp\/v2\/categories?post=172"},{"taxonomy":"post_tag","embeddable":true,"href":"https:\/\/blog.fh-kaernten.at\/klemenjak\/wp-json\/wp\/v2\/tags?post=172"}],"curies":[{"name":"wp","href":"https:\/\/api.w.org\/{rel}","templated":true}]}}