{"id":158,"date":"2013-12-16T15:31:07","date_gmt":"2013-12-16T13:31:07","guid":{"rendered":"http:\/\/blog.fh-kaernten.at\/klemenjak\/?p=158"},"modified":"2013-12-16T15:36:46","modified_gmt":"2013-12-16T13:36:46","slug":"weiter-mit-bildung-kaerntner-betriebsraetinnen-und-betriebsraete-bildeten-sich-weiter","status":"publish","type":"post","link":"https:\/\/blog.fh-kaernten.at\/klemenjak\/2013\/12\/16\/weiter-mit-bildung-kaerntner-betriebsraetinnen-und-betriebsraete-bildeten-sich-weiter\/","title":{"rendered":"\u201eWeiter mit Bildung\u201c \u2013 K\u00e4rntner Betriebsr\u00e4tinnen und Betriebsr\u00e4te bildeten sich weiter"},"content":{"rendered":"<p><b>Feierliche Zertifikatsverleihung an die 17 Absolventinnen und Absolventen des Lehrganges \u201eSoziale Beratung und Handlungskompetenzen\u201c an der Fachhochschule K\u00e4rnten in Feldkirchen<\/b><\/p>\n<p>Martin Klemenjak und Konstanze Wetzel vom Studiengang Soziale Arbeit der Fachhochschule K\u00e4rnten in Feldkirchen haben in Kooperation mit der Arbeiterkammer K\u00e4rnten und dem Verband \u00d6sterreichischer Gewerkschaftlicher Bildung, erstmalig den Lehrgang \u201eSoziale Beratung und Handlungskompetenzen\u201c konzipiert und geleitet.<\/p>\n<p>Auf dem Programm standen sechs Module mit folgenden Inhalten: \u201eEinf\u00fchrung &amp; Kennenlernen\u201c; \u201eSoziale Beratung \u2013 Methoden &amp; Handlungsfelder\u201c; \u201eEinstieg in Ausbildung &amp; Erwerbsarbeit\u201c; \u201eZielgruppenorientierte Beratungssituationen an der Schnittstelle Familie \u2013 Betrieb \u2013 Gesellschaft\u201c; \u201eStress \u2013 Mobbing \u2013 Burnout \u2013 Krise\u201c sowie \u201eAbschluss &amp; Zertifikatsverleihung\u201c.<\/p>\n<p>Am Freitag, dem 29. November wurden, im Rahmen einer Abschlussfeier, die Zertifikate an die 17 Teilnehmerinnen und Teilnehmer \u00fcberreicht. \u201eIm Erwerbsleben sind sowohl Jugendliche, als auch junge und \u00e4ltere Erwachsene, mit vielen Herausforderungen konfrontiert. Die professionelle Begleitung sowie die F\u00f6rderung von sozialer Kompetenz und Partizipation sind dabei von gro\u00dfer Bedeutung. Im Lehrgang lernten die Betriebsr\u00e4tinnen und Betriebsr\u00e4te, wie sie ihre Kolleginnen und Kollegen professionell beraten k\u00f6nnen\u201c, so Lehrgangsleiter Klemenjak von der FH K\u00e4rnten.<\/p>\n<p>An der Zertifikatsverleihung nahmen unter anderem teil: \u00d6GB-Landessekret\u00e4r Georg Steiner; die Leiterin des Studienganges Soziale Arbeit der FH K\u00e4rnten, Bringfriede Scheu; der Lehrgangsleiter von der FH K\u00e4rnten, Martin Klemenjak; die FH-Professorin Konstanze Wetzel; die Bildungsreferenten der AK K\u00e4rnten, Helmut Krainer und Heinz Pichler sowie der Bildungssekret\u00e4r des \u00d6GB K\u00e4rnten, Martin Gressl.<\/p>\n","protected":false},"excerpt":{"rendered":"<p>Feierliche Zertifikatsverleihung an die 17 Absolventinnen und Absolventen des Lehrganges \u201eSoziale Beratung und Handlungskompetenzen\u201c an der Fachhochschule K\u00e4rnten in Feldkirchen Martin Klemenjak und Konstanze Wetzel vom Studiengang Soziale Arbeit der Fachhochschule K\u00e4rnten in Feldkirchen haben in Kooperation mit der Arbeiterkammer K\u00e4rnten und dem Verband \u00d6sterreichischer Gewerkschaftlicher Bildung, erstmalig den Lehrgang \u201eSoziale Beratung und Handlungskompetenzen\u201c konzipiert [&hellip;]<\/p>\n","protected":false},"author":67,"featured_media":0,"comment_status":"open","ping_status":"open","sticky":false,"template":"","format":"standard","meta":{"inline_featured_image":false,"footnotes":""},"categories":[1],"tags":[],"class_list":["post-158","post","type-post","status-publish","format-standard","hentry","category-allgemein"],"_links":{"self":[{"href":"https:\/\/blog.fh-kaernten.at\/klemenjak\/wp-json\/wp\/v2\/posts\/158","targetHints":{"allow":["GET"]}}],"collection":[{"href":"https:\/\/blog.fh-kaernten.at\/klemenjak\/wp-json\/wp\/v2\/posts"}],"about":[{"href":"https:\/\/blog.fh-kaernten.at\/klemenjak\/wp-json\/wp\/v2\/types\/post"}],"author":[{"embeddable":true,"href":"https:\/\/blog.fh-kaernten.at\/klemenjak\/wp-json\/wp\/v2\/users\/67"}],"replies":[{"embeddable":true,"href":"https:\/\/blog.fh-kaernten.at\/klemenjak\/wp-json\/wp\/v2\/comments?post=158"}],"version-history":[{"count":0,"href":"https:\/\/blog.fh-kaernten.at\/klemenjak\/wp-json\/wp\/v2\/posts\/158\/revisions"}],"wp:attachment":[{"href":"https:\/\/blog.fh-kaernten.at\/klemenjak\/wp-json\/wp\/v2\/media?parent=158"}],"wp:term":[{"taxonomy":"category","embeddable":true,"href":"https:\/\/blog.fh-kaernten.at\/klemenjak\/wp-json\/wp\/v2\/categories?post=158"},{"taxonomy":"post_tag","embeddable":true,"href":"https:\/\/blog.fh-kaernten.at\/klemenjak\/wp-json\/wp\/v2\/tags?post=158"}],"curies":[{"name":"wp","href":"https:\/\/api.w.org\/{rel}","templated":true}]}}