{"id":1314,"date":"2026-04-27T13:32:31","date_gmt":"2026-04-27T11:32:31","guid":{"rendered":"https:\/\/blog.fh-kaernten.at\/klemenjak\/?p=1314"},"modified":"2026-04-27T15:40:23","modified_gmt":"2026-04-27T13:40:23","slug":"polit-talk-mit-landesrat-peter-reichmann","status":"publish","type":"post","link":"https:\/\/blog.fh-kaernten.at\/klemenjak\/2026\/04\/27\/polit-talk-mit-landesrat-peter-reichmann\/","title":{"rendered":"Polit-Talk mit Landesrat Peter Reichmann an der FH K\u00e4rnten in Feldkirchen am 22. April 2026"},"content":{"rendered":"<p><a href=\"http:\/\/blog.fh-kaernten.at\/klemenjak\/files\/2026\/04\/PA_79858-scaled.jpg\"><img fetchpriority=\"high\" decoding=\"async\" class=\"alignnone size-medium wp-image-1317\" src=\"http:\/\/blog.fh-kaernten.at\/klemenjak\/files\/2026\/04\/PA_79858-300x169.jpg\" alt=\"\" width=\"300\" height=\"169\" srcset=\"https:\/\/blog.fh-kaernten.at\/klemenjak\/files\/2026\/04\/PA_79858-300x169.jpg 300w, https:\/\/blog.fh-kaernten.at\/klemenjak\/files\/2026\/04\/PA_79858-1024x577.jpg 1024w, https:\/\/blog.fh-kaernten.at\/klemenjak\/files\/2026\/04\/PA_79858-768x432.jpg 768w, https:\/\/blog.fh-kaernten.at\/klemenjak\/files\/2026\/04\/PA_79858-1536x865.jpg 1536w, https:\/\/blog.fh-kaernten.at\/klemenjak\/files\/2026\/04\/PA_79858-2048x1153.jpg 2048w\" sizes=\"(max-width: 300px) 100vw, 300px\" \/><\/a><\/p>\n<p>Fotonachweis: \u00a9 B\u00fcro LR Peter Reichmann \/ Fabian Grabner<\/p>\n<p>Ein Satz bleibt h\u00e4ngen an diesem Abend. Einer, der nicht nach Politik klingt, sondern nach Haltung: \u201eIn K\u00e4rnten muss jedes Kind ruhig schlafen k\u00f6nnen.\u201c Peter Reichmann sagt ihn ruhig, aber bestimmt \u2013 und macht damit klar, worum es ihm geht.<\/p>\n<p>Seit rund sechs Monaten ist der 34-J\u00e4hrige Landesrat. Beim Polit-Talk an der Fachhochschule K\u00e4rnten gibt er Einblicke in einen Einstieg, der alles andere als geplant war. Ein Anruf, ein Treffen \u2013 und pl\u00f6tzlich eine Frage, die alles ver\u00e4ndert. \u201eIch dachte, es geht um ein Bildungsthema\u201c, erz\u00e4hlt Reichmann. Stattdessen wird ihm das Amt angeboten. Er sagt zu \u2013 und \u00fcbernimmt Verantwortung.<\/p>\n<p>Im Gespr\u00e4ch mit FH-Professor Martin Klemenjak wird schnell deutlich: Reichmann will gestalten, nicht verwalten. Sein Alltag? Fr\u00fch beginnen, sp\u00e4t enden, dazwischen Termine, Entscheidungen, Druck. Doch im Mittelpunkt stehen Themen, die unmittelbare Auswirkungen haben \u2013 vor allem auf junge Menschen.<\/p>\n<p>Besonders sp\u00fcrbar wird das bei den Diskussionen rund um das SOS-Kinderdorf in Moosburg. Ein sensibles Thema, das auch die Studierenden besch\u00e4ftigt. Reichmann weicht nicht aus. \u201eEs braucht Kontrolle und Vertrauen, keine Hochglanzkonzepte.\u201c F\u00fcr ihn steht fest: Systeme m\u00fcssen funktionieren \u2013 und zwar dort, wo es z\u00e4hlt. Sein Fokus: Familien st\u00e4rken, bevor Krisen entstehen.<\/p>\n<p>Auch beim Thema Bildung bleibt er konkret. Berufsorientierung, niederschwellige Angebote, lebenslanges Lernen \u2013 keine gro\u00dfen Versprechen, sondern Ma\u00dfnahmen, die greifen sollen. \u201eEs geht um L\u00f6sungen, nicht um Probleme.\u201c<\/p>\n<p>Und vielleicht beschreibt eine scheinbar einfache Frage seine Haltung am besten: Pilot oder Passagier? Reichmann l\u00e4chelt kurz. \u201ePilot.\u201c<\/p>\n","protected":false},"excerpt":{"rendered":"<p>Fotonachweis: \u00a9 B\u00fcro LR Peter Reichmann \/ Fabian Grabner Ein Satz bleibt h\u00e4ngen an diesem Abend. Einer, der nicht nach Politik klingt, sondern nach Haltung: \u201eIn K\u00e4rnten muss jedes Kind ruhig schlafen k\u00f6nnen.\u201c Peter Reichmann sagt ihn ruhig, aber bestimmt \u2013 und macht damit klar, worum es ihm geht. Seit rund sechs Monaten ist der [&hellip;]<\/p>\n","protected":false},"author":67,"featured_media":1317,"comment_status":"open","ping_status":"open","sticky":false,"template":"","format":"standard","meta":{"inline_featured_image":false,"footnotes":""},"categories":[1],"tags":[],"class_list":["post-1314","post","type-post","status-publish","format-standard","has-post-thumbnail","hentry","category-allgemein"],"_links":{"self":[{"href":"https:\/\/blog.fh-kaernten.at\/klemenjak\/wp-json\/wp\/v2\/posts\/1314","targetHints":{"allow":["GET"]}}],"collection":[{"href":"https:\/\/blog.fh-kaernten.at\/klemenjak\/wp-json\/wp\/v2\/posts"}],"about":[{"href":"https:\/\/blog.fh-kaernten.at\/klemenjak\/wp-json\/wp\/v2\/types\/post"}],"author":[{"embeddable":true,"href":"https:\/\/blog.fh-kaernten.at\/klemenjak\/wp-json\/wp\/v2\/users\/67"}],"replies":[{"embeddable":true,"href":"https:\/\/blog.fh-kaernten.at\/klemenjak\/wp-json\/wp\/v2\/comments?post=1314"}],"version-history":[{"count":5,"href":"https:\/\/blog.fh-kaernten.at\/klemenjak\/wp-json\/wp\/v2\/posts\/1314\/revisions"}],"predecessor-version":[{"id":1325,"href":"https:\/\/blog.fh-kaernten.at\/klemenjak\/wp-json\/wp\/v2\/posts\/1314\/revisions\/1325"}],"wp:featuredmedia":[{"embeddable":true,"href":"https:\/\/blog.fh-kaernten.at\/klemenjak\/wp-json\/wp\/v2\/media\/1317"}],"wp:attachment":[{"href":"https:\/\/blog.fh-kaernten.at\/klemenjak\/wp-json\/wp\/v2\/media?parent=1314"}],"wp:term":[{"taxonomy":"category","embeddable":true,"href":"https:\/\/blog.fh-kaernten.at\/klemenjak\/wp-json\/wp\/v2\/categories?post=1314"},{"taxonomy":"post_tag","embeddable":true,"href":"https:\/\/blog.fh-kaernten.at\/klemenjak\/wp-json\/wp\/v2\/tags?post=1314"}],"curies":[{"name":"wp","href":"https:\/\/api.w.org\/{rel}","templated":true}]}}