{"id":1287,"date":"2026-01-20T14:54:29","date_gmt":"2026-01-20T12:54:29","guid":{"rendered":"https:\/\/blog.fh-kaernten.at\/klemenjak\/?p=1287"},"modified":"2026-01-20T15:07:19","modified_gmt":"2026-01-20T13:07:19","slug":"verleihung-der-zertifikate-an-die-absolventinnen-des-zertifikatslehrganges-soziale-handlungskompetenzen-fuer-die-betriebsratstaetigkeit-2","status":"publish","type":"post","link":"https:\/\/blog.fh-kaernten.at\/klemenjak\/2026\/01\/20\/verleihung-der-zertifikate-an-die-absolventinnen-des-zertifikatslehrganges-soziale-handlungskompetenzen-fuer-die-betriebsratstaetigkeit-2\/","title":{"rendered":"Verleihung der Zertifikate an die Absolvent*innen des Zertifikatslehrganges \u201eSoziale Handlungskompetenzen f\u00fcr die Betriebsratst\u00e4tigkeit\u201c"},"content":{"rendered":"<p><a href=\"http:\/\/blog.fh-kaernten.at\/klemenjak\/files\/2026\/01\/DSC02484.jpg\"><img fetchpriority=\"high\" decoding=\"async\" class=\"alignnone size-medium wp-image-1289\" src=\"http:\/\/blog.fh-kaernten.at\/klemenjak\/files\/2026\/01\/DSC02484-200x300.jpg\" alt=\"\" width=\"200\" height=\"300\" srcset=\"https:\/\/blog.fh-kaernten.at\/klemenjak\/files\/2026\/01\/DSC02484-200x300.jpg 200w, https:\/\/blog.fh-kaernten.at\/klemenjak\/files\/2026\/01\/DSC02484-683x1024.jpg 683w, https:\/\/blog.fh-kaernten.at\/klemenjak\/files\/2026\/01\/DSC02484-768x1152.jpg 768w, https:\/\/blog.fh-kaernten.at\/klemenjak\/files\/2026\/01\/DSC02484-1024x1536.jpg 1024w, https:\/\/blog.fh-kaernten.at\/klemenjak\/files\/2026\/01\/DSC02484-1365x2048.jpg 1365w, https:\/\/blog.fh-kaernten.at\/klemenjak\/files\/2026\/01\/DSC02484.jpg 1378w\" sizes=\"(max-width: 200px) 100vw, 200px\" \/><\/a><\/p>\n<p>Fotonachweis: (c) AK K\u00e4rnten<\/p>\n<p>Am Samstag, 17. J\u00e4nner 2026 wurden am Campus Feldkirchen der Fachhochschule K\u00e4rnten an die Absolvent*innen des Zertifikatslehrganges \u201eSoziale Handlungskompetenzen f\u00fcr die Betriebsratst\u00e4tigkeit\u201c die Zertifikate verliehen. Es gratulierten: der Leiter der AK-Bildungsabteilung Mag. Daniel Weidlitsch, die Leiterin der FH K\u00e4rnten Academy Mag. Carmen Zernig-Malatschnig, der wissenschaftliche Lehrgangsleiter FH-Prof. Dr. Martin Klemenjak und die fachliche Lehrgangsleiterin Mag. Cordula Wadl.<\/p>\n<p>Dieser Zertifikatslehrgang umfasste zwei Semester, acht Semesterwochenstunden bzw. 120 Unterrichtseinheiten. Gegliedert in acht Module standen die Themen Kennenlernen &amp; Basics, ausgew\u00e4hlte Handlungsfelder in der betrieblichen Praxis, erfolgreiche Gespr\u00e4chsf\u00fchrung, Konfliktmanagement, Resilienz am Arbeitsplatz, Verhandlungen erfolgreich f\u00fchren, digitale Transformation und New Work im Fokus.<\/p>\n","protected":false},"excerpt":{"rendered":"<p>Fotonachweis: (c) AK K\u00e4rnten Am Samstag, 17. J\u00e4nner 2026 wurden am Campus Feldkirchen der Fachhochschule K\u00e4rnten an die Absolvent*innen des Zertifikatslehrganges \u201eSoziale Handlungskompetenzen f\u00fcr die Betriebsratst\u00e4tigkeit\u201c die Zertifikate verliehen. Es gratulierten: der Leiter der AK-Bildungsabteilung Mag. Daniel Weidlitsch, die Leiterin der FH K\u00e4rnten Academy Mag. Carmen Zernig-Malatschnig, der wissenschaftliche Lehrgangsleiter FH-Prof. Dr. Martin Klemenjak und [&hellip;]<\/p>\n","protected":false},"author":67,"featured_media":1289,"comment_status":"open","ping_status":"open","sticky":false,"template":"","format":"standard","meta":{"inline_featured_image":false,"footnotes":""},"categories":[1],"tags":[],"class_list":["post-1287","post","type-post","status-publish","format-standard","has-post-thumbnail","hentry","category-allgemein"],"_links":{"self":[{"href":"https:\/\/blog.fh-kaernten.at\/klemenjak\/wp-json\/wp\/v2\/posts\/1287","targetHints":{"allow":["GET"]}}],"collection":[{"href":"https:\/\/blog.fh-kaernten.at\/klemenjak\/wp-json\/wp\/v2\/posts"}],"about":[{"href":"https:\/\/blog.fh-kaernten.at\/klemenjak\/wp-json\/wp\/v2\/types\/post"}],"author":[{"embeddable":true,"href":"https:\/\/blog.fh-kaernten.at\/klemenjak\/wp-json\/wp\/v2\/users\/67"}],"replies":[{"embeddable":true,"href":"https:\/\/blog.fh-kaernten.at\/klemenjak\/wp-json\/wp\/v2\/comments?post=1287"}],"version-history":[{"count":0,"href":"https:\/\/blog.fh-kaernten.at\/klemenjak\/wp-json\/wp\/v2\/posts\/1287\/revisions"}],"wp:featuredmedia":[{"embeddable":true,"href":"https:\/\/blog.fh-kaernten.at\/klemenjak\/wp-json\/wp\/v2\/media\/1289"}],"wp:attachment":[{"href":"https:\/\/blog.fh-kaernten.at\/klemenjak\/wp-json\/wp\/v2\/media?parent=1287"}],"wp:term":[{"taxonomy":"category","embeddable":true,"href":"https:\/\/blog.fh-kaernten.at\/klemenjak\/wp-json\/wp\/v2\/categories?post=1287"},{"taxonomy":"post_tag","embeddable":true,"href":"https:\/\/blog.fh-kaernten.at\/klemenjak\/wp-json\/wp\/v2\/tags?post=1287"}],"curies":[{"name":"wp","href":"https:\/\/api.w.org\/{rel}","templated":true}]}}