{"id":1280,"date":"2025-12-18T10:51:08","date_gmt":"2025-12-18T08:51:08","guid":{"rendered":"https:\/\/blog.fh-kaernten.at\/klemenjak\/?p=1280"},"modified":"2025-12-18T10:51:08","modified_gmt":"2025-12-18T08:51:08","slug":"beitrag-im-kaerntner-jahrbuch-fuer-politik-2025-erschienen","status":"publish","type":"post","link":"https:\/\/blog.fh-kaernten.at\/klemenjak\/2025\/12\/18\/beitrag-im-kaerntner-jahrbuch-fuer-politik-2025-erschienen\/","title":{"rendered":"Beitrag im K\u00e4rntner Jahrbuch f\u00fcr Politik 2025 erschienen"},"content":{"rendered":"<p><a href=\"http:\/\/blog.fh-kaernten.at\/klemenjak\/files\/2025\/12\/Foto-mit-Landesrat-Peter-Reichmann-scaled.jpg\"><img fetchpriority=\"high\" decoding=\"async\" class=\"alignnone size-medium wp-image-1282\" src=\"http:\/\/blog.fh-kaernten.at\/klemenjak\/files\/2025\/12\/Foto-mit-Landesrat-Peter-Reichmann-300x200.jpg\" alt=\"\" width=\"300\" height=\"200\" srcset=\"https:\/\/blog.fh-kaernten.at\/klemenjak\/files\/2025\/12\/Foto-mit-Landesrat-Peter-Reichmann-300x200.jpg 300w, https:\/\/blog.fh-kaernten.at\/klemenjak\/files\/2025\/12\/Foto-mit-Landesrat-Peter-Reichmann-1024x683.jpg 1024w, https:\/\/blog.fh-kaernten.at\/klemenjak\/files\/2025\/12\/Foto-mit-Landesrat-Peter-Reichmann-768x512.jpg 768w, https:\/\/blog.fh-kaernten.at\/klemenjak\/files\/2025\/12\/Foto-mit-Landesrat-Peter-Reichmann-1536x1024.jpg 1536w, https:\/\/blog.fh-kaernten.at\/klemenjak\/files\/2025\/12\/Foto-mit-Landesrat-Peter-Reichmann-2048x1365.jpg 2048w\" sizes=\"(max-width: 300px) 100vw, 300px\" \/><\/a><\/p>\n<p>Am Dienstag, 16. Dezember 2025 wurde das K\u00e4rntner Jahrbuch f\u00fcr Politik 2025, herausgegeben von Karl Anderwald, Karl Hren und Kathrin Stainer-H\u00e4mmerle, im Gr\u00fcnen Saal des Landhauses in Klagenfurt pr\u00e4sentiert. In der 32. Ausgabe dieser Publikation ver\u00f6ffentlichte Martin Klemenjak einen <strong>Beitrag mit dem Titel \u201eWas wir von der Windr\u00e4der-Volksbefragung lernen k\u00f6nnen \u2013 Anmerkungen zur direkten Demokratie&#8220;.<\/strong><\/p>\n<p><strong>Nachfolgend die Angaben zum Buchbeitrag:<br \/>\n<\/strong>Klemenjak, Martin (2025): Was wir von der Windr\u00e4der-Volksbefragung lernen k\u00f6nnen \u2013 Anmerkungen zur direkten Demokratie. In: Anderwald, Karl\/Hren, Karl\/Stainer-H\u00e4mmerle, Kathrin (Hrsg.): K\u00e4rntner Jahrbuch f\u00fcr Politik 2025\/Koro\u0161ki politi\u010dni zbornik 2025, Verlag Hermagoras\/Mohorjeva, Klagenfurt\/Ljubljana\/Wien, S. 70 bis 78.<\/p>\n<p>Bildnachweis: LPD K\u00e4rnten\/Peter Just<\/p>\n","protected":false},"excerpt":{"rendered":"<p>Am Dienstag, 16. Dezember 2025 wurde das K\u00e4rntner Jahrbuch f\u00fcr Politik 2025, herausgegeben von Karl Anderwald, Karl Hren und Kathrin Stainer-H\u00e4mmerle, im Gr\u00fcnen Saal des Landhauses in Klagenfurt pr\u00e4sentiert. In der 32. Ausgabe dieser Publikation ver\u00f6ffentlichte Martin Klemenjak einen Beitrag mit dem Titel \u201eWas wir von der Windr\u00e4der-Volksbefragung lernen k\u00f6nnen \u2013 Anmerkungen zur direkten Demokratie&#8220;. [&hellip;]<\/p>\n","protected":false},"author":67,"featured_media":1282,"comment_status":"open","ping_status":"open","sticky":false,"template":"","format":"standard","meta":{"inline_featured_image":false,"footnotes":""},"categories":[1],"tags":[],"class_list":["post-1280","post","type-post","status-publish","format-standard","has-post-thumbnail","hentry","category-allgemein"],"_links":{"self":[{"href":"https:\/\/blog.fh-kaernten.at\/klemenjak\/wp-json\/wp\/v2\/posts\/1280","targetHints":{"allow":["GET"]}}],"collection":[{"href":"https:\/\/blog.fh-kaernten.at\/klemenjak\/wp-json\/wp\/v2\/posts"}],"about":[{"href":"https:\/\/blog.fh-kaernten.at\/klemenjak\/wp-json\/wp\/v2\/types\/post"}],"author":[{"embeddable":true,"href":"https:\/\/blog.fh-kaernten.at\/klemenjak\/wp-json\/wp\/v2\/users\/67"}],"replies":[{"embeddable":true,"href":"https:\/\/blog.fh-kaernten.at\/klemenjak\/wp-json\/wp\/v2\/comments?post=1280"}],"version-history":[{"count":0,"href":"https:\/\/blog.fh-kaernten.at\/klemenjak\/wp-json\/wp\/v2\/posts\/1280\/revisions"}],"wp:featuredmedia":[{"embeddable":true,"href":"https:\/\/blog.fh-kaernten.at\/klemenjak\/wp-json\/wp\/v2\/media\/1282"}],"wp:attachment":[{"href":"https:\/\/blog.fh-kaernten.at\/klemenjak\/wp-json\/wp\/v2\/media?parent=1280"}],"wp:term":[{"taxonomy":"category","embeddable":true,"href":"https:\/\/blog.fh-kaernten.at\/klemenjak\/wp-json\/wp\/v2\/categories?post=1280"},{"taxonomy":"post_tag","embeddable":true,"href":"https:\/\/blog.fh-kaernten.at\/klemenjak\/wp-json\/wp\/v2\/tags?post=1280"}],"curies":[{"name":"wp","href":"https:\/\/api.w.org\/{rel}","templated":true}]}}