{"id":1235,"date":"2025-03-14T09:56:33","date_gmt":"2025-03-14T07:56:33","guid":{"rendered":"https:\/\/blog.fh-kaernten.at\/klemenjak\/?p=1235"},"modified":"2025-03-16T21:07:04","modified_gmt":"2025-03-16T19:07:04","slug":"zertifikatslehrgang-soziale-handlungskompetenzen-fuer-die-betriebsratstaetigkeit-3","status":"publish","type":"post","link":"https:\/\/blog.fh-kaernten.at\/klemenjak\/2025\/03\/14\/zertifikatslehrgang-soziale-handlungskompetenzen-fuer-die-betriebsratstaetigkeit-3\/","title":{"rendered":"Zertifikatslehrgang \u201eSoziale Handlungskompetenzen f\u00fcr die Betriebsratst\u00e4tigkeit\u201c gestartet"},"content":{"rendered":"<div dir=\"auto\">\n<p><a href=\"http:\/\/blog.fh-kaernten.at\/klemenjak\/files\/2025\/03\/Foto-fuer-Blog-Beitrag-scaled.jpg\"><img fetchpriority=\"high\" decoding=\"async\" class=\"alignnone size-medium wp-image-1232\" src=\"http:\/\/blog.fh-kaernten.at\/klemenjak\/files\/2025\/03\/Foto-fuer-Blog-Beitrag-225x300.jpg\" alt=\"\" width=\"225\" height=\"300\" srcset=\"https:\/\/blog.fh-kaernten.at\/klemenjak\/files\/2025\/03\/Foto-fuer-Blog-Beitrag-225x300.jpg 225w, https:\/\/blog.fh-kaernten.at\/klemenjak\/files\/2025\/03\/Foto-fuer-Blog-Beitrag-768x1024.jpg 768w, https:\/\/blog.fh-kaernten.at\/klemenjak\/files\/2025\/03\/Foto-fuer-Blog-Beitrag-1152x1536.jpg 1152w, https:\/\/blog.fh-kaernten.at\/klemenjak\/files\/2025\/03\/Foto-fuer-Blog-Beitrag-1536x2048.jpg 1536w, https:\/\/blog.fh-kaernten.at\/klemenjak\/files\/2025\/03\/Foto-fuer-Blog-Beitrag-scaled.jpg 1920w\" sizes=\"(max-width: 225px) 100vw, 225px\" \/><\/a><\/p>\n<p><span class=\"x193iq5w xeuugli x13faqbe x1vvkbs x1xmvt09 x1lliihq x1s928wv xhkezso x1gmr53x x1cpjm7i x1fgarty x1943h6x xudqn12 x3x7a5m x6prxxf xvq8zen xo1l8bm xzsf02u x1yc453h\" dir=\"auto\">Am Freitag, 7. M\u00e4rz 2025 startete der <strong>Zertifikatslehrgang \u201eSoziale Handlungskompetenzen f\u00fcr die Betriebsratst\u00e4tigkeit\u201c<\/strong> mit <strong>17 Teilnehmer*innen<\/strong>. Das Ausbildungsziel dieses Lehrganges ist es, Kenntnisse und Fertigkeiten zu vermitteln, die f\u00fcr die Aus\u00fcbung der betriebsr\u00e4tlichen T\u00e4tigkeit erforderlich sind.<\/span><\/p>\n<p>Ausgehend vom konkreten Erfahrungshintergrund der Betriebsr\u00e4t*innen und Personalvertreter*innen sollen deren <strong>soziale Handlungskompetenzen reflektiert und erweitert<\/strong> werden. Gegliedert in <strong>acht Module<\/strong> werden neben dem Kennlernen und den Basics, insbesondere ausgew\u00e4hlte Handlungsfelder in der betrieblichen Praxis, erfolgreiche Gespr\u00e4chsf\u00fchrung, Konfliktmanagement, Resilienz am Arbeitsplatz, Verhandlungen erfolgreich f\u00fchren, die digitale Transformation und New Work im Fokus stehen. <strong>Die praktische Anwendung der vermittelten Inhalte sowie die Reflexion stehen dabei im Vordergrund.<\/strong><\/p>\n<\/div>\n<p>Beim Lehrgangsstart mit dabei waren unter anderem: Holger Penz, Leiter des Studienbereichs Gesundheit &amp; Soziales der FH K\u00e4rnten, Daniel Weidlitsch, Leiter der Abteilung Bildung, Jugend und Kultur der AK K\u00e4rnten, Martin Klemenjak, wissenschaftlicher Lehrgangsleiter (FH K\u00e4rnten) und Cordula Wadl, fachliche Lehrgangsleiterin (AK K\u00e4rnten).<\/p>\n<div dir=\"auto\">\n<p>Bildnachweis: FH K\u00e4rnten Academy<\/p>\n<\/div>\n","protected":false},"excerpt":{"rendered":"<p>Am Freitag, 7. M\u00e4rz 2025 startete der Zertifikatslehrgang \u201eSoziale Handlungskompetenzen f\u00fcr die Betriebsratst\u00e4tigkeit\u201c mit 17 Teilnehmer*innen. Das Ausbildungsziel dieses Lehrganges ist es, Kenntnisse und Fertigkeiten zu vermitteln, die f\u00fcr die Aus\u00fcbung der betriebsr\u00e4tlichen T\u00e4tigkeit erforderlich sind. Ausgehend vom konkreten Erfahrungshintergrund der Betriebsr\u00e4t*innen und Personalvertreter*innen sollen deren soziale Handlungskompetenzen reflektiert und erweitert werden. Gegliedert in acht [&hellip;]<\/p>\n","protected":false},"author":67,"featured_media":1232,"comment_status":"open","ping_status":"open","sticky":false,"template":"","format":"standard","meta":{"inline_featured_image":false,"footnotes":""},"categories":[1],"tags":[],"class_list":["post-1235","post","type-post","status-publish","format-standard","has-post-thumbnail","hentry","category-allgemein"],"_links":{"self":[{"href":"https:\/\/blog.fh-kaernten.at\/klemenjak\/wp-json\/wp\/v2\/posts\/1235","targetHints":{"allow":["GET"]}}],"collection":[{"href":"https:\/\/blog.fh-kaernten.at\/klemenjak\/wp-json\/wp\/v2\/posts"}],"about":[{"href":"https:\/\/blog.fh-kaernten.at\/klemenjak\/wp-json\/wp\/v2\/types\/post"}],"author":[{"embeddable":true,"href":"https:\/\/blog.fh-kaernten.at\/klemenjak\/wp-json\/wp\/v2\/users\/67"}],"replies":[{"embeddable":true,"href":"https:\/\/blog.fh-kaernten.at\/klemenjak\/wp-json\/wp\/v2\/comments?post=1235"}],"version-history":[{"count":0,"href":"https:\/\/blog.fh-kaernten.at\/klemenjak\/wp-json\/wp\/v2\/posts\/1235\/revisions"}],"wp:featuredmedia":[{"embeddable":true,"href":"https:\/\/blog.fh-kaernten.at\/klemenjak\/wp-json\/wp\/v2\/media\/1232"}],"wp:attachment":[{"href":"https:\/\/blog.fh-kaernten.at\/klemenjak\/wp-json\/wp\/v2\/media?parent=1235"}],"wp:term":[{"taxonomy":"category","embeddable":true,"href":"https:\/\/blog.fh-kaernten.at\/klemenjak\/wp-json\/wp\/v2\/categories?post=1235"},{"taxonomy":"post_tag","embeddable":true,"href":"https:\/\/blog.fh-kaernten.at\/klemenjak\/wp-json\/wp\/v2\/tags?post=1235"}],"curies":[{"name":"wp","href":"https:\/\/api.w.org\/{rel}","templated":true}]}}