{"id":1218,"date":"2024-12-10T15:55:28","date_gmt":"2024-12-10T13:55:28","guid":{"rendered":"https:\/\/blog.fh-kaernten.at\/klemenjak\/?p=1218"},"modified":"2024-12-10T15:57:03","modified_gmt":"2024-12-10T13:57:03","slug":"beitrag-im-kaerntner-jahrbuch-fuer-politik-2024-erschienen","status":"publish","type":"post","link":"https:\/\/blog.fh-kaernten.at\/klemenjak\/2024\/12\/10\/beitrag-im-kaerntner-jahrbuch-fuer-politik-2024-erschienen\/","title":{"rendered":"Beitrag im K\u00e4rntner Jahrbuch f\u00fcr Politik 2024 erschienen"},"content":{"rendered":"<p><a href=\"http:\/\/blog.fh-kaernten.at\/klemenjak\/files\/2024\/12\/Foto-fuer-Social-Media-vom-10.-Dezember-2024.jpg\"><img fetchpriority=\"high\" decoding=\"async\" class=\"alignnone size-medium wp-image-1219\" src=\"http:\/\/blog.fh-kaernten.at\/klemenjak\/files\/2024\/12\/Foto-fuer-Social-Media-vom-10.-Dezember-2024-300x300.jpg\" alt=\"\" width=\"300\" height=\"300\" srcset=\"https:\/\/blog.fh-kaernten.at\/klemenjak\/files\/2024\/12\/Foto-fuer-Social-Media-vom-10.-Dezember-2024-300x300.jpg 300w, https:\/\/blog.fh-kaernten.at\/klemenjak\/files\/2024\/12\/Foto-fuer-Social-Media-vom-10.-Dezember-2024-1024x1024.jpg 1024w, https:\/\/blog.fh-kaernten.at\/klemenjak\/files\/2024\/12\/Foto-fuer-Social-Media-vom-10.-Dezember-2024-150x150.jpg 150w, https:\/\/blog.fh-kaernten.at\/klemenjak\/files\/2024\/12\/Foto-fuer-Social-Media-vom-10.-Dezember-2024-768x768.jpg 768w, https:\/\/blog.fh-kaernten.at\/klemenjak\/files\/2024\/12\/Foto-fuer-Social-Media-vom-10.-Dezember-2024.jpg 1080w\" sizes=\"(max-width: 300px) 100vw, 300px\" \/><\/a><\/p>\n<p>Am Montag, 9. Dezember 2024 wurde das K\u00e4rntner Jahrbuch f\u00fcr Politik 2024, herausgegeben von Karl Anderwald, Karl Hren und Kathrin Stainer-H\u00e4mmerle, im Schloss Porcia in Spittal\/Drau pr\u00e4sentiert. In der 31. Ausgabe dieser Publikation ver\u00f6ffentlichte Martin Klemenjak einen <strong>Beitrag mit dem Titel \u201eDie EU-Wahl 2024 aus K\u00e4rntner Sicht&#8220;<\/strong>.<\/p>\n<p><strong>Nachfolgend die Angaben zum Buchbeitrag:<\/strong><br \/>\nKlemenjak, Martin (2024): Die EU-Wahl 2024 aus K\u00e4rntner Sicht. In: Anderwald, Karl\/Hren, Karl\/Stainer-H\u00e4mmerle, Kathrin (Hrsg.): K\u00e4rntner Jahrbuch f\u00fcr Politik 2024\/Koro\u0161ki politi\u010dni zbornik 2024, Verlag Hermagoras\/Mohorjeva, Klagenfurt\/Ljubljana\/Wien, S. 39 bis 54.<\/p>\n<p>&nbsp;<\/p>\n","protected":false},"excerpt":{"rendered":"<p>Am Montag, 9. Dezember 2024 wurde das K\u00e4rntner Jahrbuch f\u00fcr Politik 2024, herausgegeben von Karl Anderwald, Karl Hren und Kathrin Stainer-H\u00e4mmerle, im Schloss Porcia in Spittal\/Drau pr\u00e4sentiert. In der 31. Ausgabe dieser Publikation ver\u00f6ffentlichte Martin Klemenjak einen Beitrag mit dem Titel \u201eDie EU-Wahl 2024 aus K\u00e4rntner Sicht&#8220;. Nachfolgend die Angaben zum Buchbeitrag: Klemenjak, Martin (2024): [&hellip;]<\/p>\n","protected":false},"author":67,"featured_media":1219,"comment_status":"open","ping_status":"open","sticky":false,"template":"","format":"standard","meta":{"inline_featured_image":false,"footnotes":""},"categories":[1],"tags":[],"class_list":["post-1218","post","type-post","status-publish","format-standard","has-post-thumbnail","hentry","category-allgemein"],"_links":{"self":[{"href":"https:\/\/blog.fh-kaernten.at\/klemenjak\/wp-json\/wp\/v2\/posts\/1218","targetHints":{"allow":["GET"]}}],"collection":[{"href":"https:\/\/blog.fh-kaernten.at\/klemenjak\/wp-json\/wp\/v2\/posts"}],"about":[{"href":"https:\/\/blog.fh-kaernten.at\/klemenjak\/wp-json\/wp\/v2\/types\/post"}],"author":[{"embeddable":true,"href":"https:\/\/blog.fh-kaernten.at\/klemenjak\/wp-json\/wp\/v2\/users\/67"}],"replies":[{"embeddable":true,"href":"https:\/\/blog.fh-kaernten.at\/klemenjak\/wp-json\/wp\/v2\/comments?post=1218"}],"version-history":[{"count":0,"href":"https:\/\/blog.fh-kaernten.at\/klemenjak\/wp-json\/wp\/v2\/posts\/1218\/revisions"}],"wp:featuredmedia":[{"embeddable":true,"href":"https:\/\/blog.fh-kaernten.at\/klemenjak\/wp-json\/wp\/v2\/media\/1219"}],"wp:attachment":[{"href":"https:\/\/blog.fh-kaernten.at\/klemenjak\/wp-json\/wp\/v2\/media?parent=1218"}],"wp:term":[{"taxonomy":"category","embeddable":true,"href":"https:\/\/blog.fh-kaernten.at\/klemenjak\/wp-json\/wp\/v2\/categories?post=1218"},{"taxonomy":"post_tag","embeddable":true,"href":"https:\/\/blog.fh-kaernten.at\/klemenjak\/wp-json\/wp\/v2\/tags?post=1218"}],"curies":[{"name":"wp","href":"https:\/\/api.w.org\/{rel}","templated":true}]}}