{"id":1213,"date":"2024-10-28T10:12:02","date_gmt":"2024-10-28T08:12:02","guid":{"rendered":"https:\/\/blog.fh-kaernten.at\/klemenjak\/?p=1213"},"modified":"2024-10-28T10:12:02","modified_gmt":"2024-10-28T08:12:02","slug":"kaerntner-gespraeche-zur-demokratiepolitischen-bildung-2024-die-zukunft-der-demokratie-2","status":"publish","type":"post","link":"https:\/\/blog.fh-kaernten.at\/klemenjak\/2024\/10\/28\/kaerntner-gespraeche-zur-demokratiepolitischen-bildung-2024-die-zukunft-der-demokratie-2\/","title":{"rendered":"K\u00e4rntner Gespr\u00e4che zur demokratiepolitischen Bildung 2024: Die Zukunft der Demokratie"},"content":{"rendered":"<p><a href=\"http:\/\/blog.fh-kaernten.at\/klemenjak\/files\/2024\/10\/Gruppenfoto-Fotohinweis-AK-Kaernten_Gernot-Gleiss-scaled.jpg\"><img fetchpriority=\"high\" decoding=\"async\" class=\"alignnone size-medium wp-image-1214\" src=\"http:\/\/blog.fh-kaernten.at\/klemenjak\/files\/2024\/10\/Gruppenfoto-Fotohinweis-AK-Kaernten_Gernot-Gleiss-300x200.jpg\" alt=\"\" width=\"300\" height=\"200\" srcset=\"https:\/\/blog.fh-kaernten.at\/klemenjak\/files\/2024\/10\/Gruppenfoto-Fotohinweis-AK-Kaernten_Gernot-Gleiss-300x200.jpg 300w, https:\/\/blog.fh-kaernten.at\/klemenjak\/files\/2024\/10\/Gruppenfoto-Fotohinweis-AK-Kaernten_Gernot-Gleiss-1024x683.jpg 1024w, https:\/\/blog.fh-kaernten.at\/klemenjak\/files\/2024\/10\/Gruppenfoto-Fotohinweis-AK-Kaernten_Gernot-Gleiss-768x512.jpg 768w, https:\/\/blog.fh-kaernten.at\/klemenjak\/files\/2024\/10\/Gruppenfoto-Fotohinweis-AK-Kaernten_Gernot-Gleiss-1536x1024.jpg 1536w, https:\/\/blog.fh-kaernten.at\/klemenjak\/files\/2024\/10\/Gruppenfoto-Fotohinweis-AK-Kaernten_Gernot-Gleiss-2048x1365.jpg 2048w\" sizes=\"(max-width: 300px) 100vw, 300px\" \/><\/a><\/p>\n<p>Am Donnerstag, 24. Oktober 2024 fanden zum mittlerweile dreizehnten Mal die \u201eK\u00e4rntner Gespr\u00e4che zur demokratiepolitischen Bildung\u201c im Konferenzsaal der AK K\u00e4rnten statt. Die gesamte Tagung wurde wieder online \u00fcbertragen. Dabei handelt es sich um eine Kooperationsveranstaltung der Kammer f\u00fcr Arbeiter und Angestellte f\u00fcr K\u00e4rnten mit dem Verband \u00d6sterreichischer gewerkschaftlicher Bildung, der P\u00e4dagogischen Hochschule K\u00e4rnten \u2013 Viktor Frankl Hochschule, dem Institut f\u00fcr Erziehungswissenschaft und Bildungsforschung der Universit\u00e4t Klagenfurt, der Bildungsdirektion K\u00e4rnten, den K\u00e4rntner Volkshochschulen, der Landschaft des Wissens \u2013 Wissenschaftsverein K\u00e4rnten und dem Studiengang Soziale Arbeit der Fachhochschule K\u00e4rnten. Das diesj\u00e4hrige Tagungsthema lautete: \u201eDie Zukunft der Demokratie\u201c.<\/p>\n<p>Nach der Begr\u00fc\u00dfung und Einleitung durch Vertreter der Arbeiterkammer K\u00e4rnten pr\u00e4sentierte Landeshauptmann-Stellvertreterin Gaby Schaunig Leitgedanken zum Tagungsthema. Danach standen zwei Key-Notes mit anschlie\u00dfender Diskussion im Plenum auf dem Programm. Die Online-Teilnehmer*innen konnten sich via Chat an der Tagung beteiligen.<\/p>\n<p>Die Key-Notes und die Referent*innen im \u00dcberblick:<\/p>\n<ul>\n<li>Die politische Urteilskraft der B\u00fcrger. Lebenselixier der Demokratie (Herfried M\u00fcnkler \u2013 Humboldt-Universit\u00e4t Berlin)<\/li>\n<li>Demokratie aus Sicht der Bev\u00f6lkerung: Zustand, Herausforderungen, Perspektiven (Martina Zandonella \u2013 FORESIGHT-Institut Wien)<\/li>\n<\/ul>\n<p>Danach kam die Sch\u00fclerin Anna-Victoria Hochstetter zu Wort (Eine Jugendliche spricht \u2013 Perspektiven zur Zukunft der Demokratie). \u201eBitte warten. Demokratie als Geduldsspiel\u201c, so lautete schlie\u00dflich der Beitrag des Kabarettisten Christian H\u00f6lbling. Den Abschluss bildete ein Fazit. Moderiert wurden die \u201eK\u00e4rntner Gespr\u00e4che zur demokratiepolitischen Bildung 2024\u201c von Daniel Weidlitsch (AK K\u00e4rnten).<\/p>\n<p>Fotohinweis: AK K\u00e4rnten\/Gernot Gleiss<\/p>\n","protected":false},"excerpt":{"rendered":"<p>Am Donnerstag, 24. Oktober 2024 fanden zum mittlerweile dreizehnten Mal die \u201eK\u00e4rntner Gespr\u00e4che zur demokratiepolitischen Bildung\u201c im Konferenzsaal der AK K\u00e4rnten statt. Die gesamte Tagung wurde wieder online \u00fcbertragen. Dabei handelt es sich um eine Kooperationsveranstaltung der Kammer f\u00fcr Arbeiter und Angestellte f\u00fcr K\u00e4rnten mit dem Verband \u00d6sterreichischer gewerkschaftlicher Bildung, der P\u00e4dagogischen Hochschule K\u00e4rnten \u2013 [&hellip;]<\/p>\n","protected":false},"author":67,"featured_media":1214,"comment_status":"open","ping_status":"open","sticky":false,"template":"","format":"standard","meta":{"inline_featured_image":false,"footnotes":""},"categories":[1],"tags":[],"class_list":["post-1213","post","type-post","status-publish","format-standard","has-post-thumbnail","hentry","category-allgemein"],"_links":{"self":[{"href":"https:\/\/blog.fh-kaernten.at\/klemenjak\/wp-json\/wp\/v2\/posts\/1213","targetHints":{"allow":["GET"]}}],"collection":[{"href":"https:\/\/blog.fh-kaernten.at\/klemenjak\/wp-json\/wp\/v2\/posts"}],"about":[{"href":"https:\/\/blog.fh-kaernten.at\/klemenjak\/wp-json\/wp\/v2\/types\/post"}],"author":[{"embeddable":true,"href":"https:\/\/blog.fh-kaernten.at\/klemenjak\/wp-json\/wp\/v2\/users\/67"}],"replies":[{"embeddable":true,"href":"https:\/\/blog.fh-kaernten.at\/klemenjak\/wp-json\/wp\/v2\/comments?post=1213"}],"version-history":[{"count":0,"href":"https:\/\/blog.fh-kaernten.at\/klemenjak\/wp-json\/wp\/v2\/posts\/1213\/revisions"}],"wp:featuredmedia":[{"embeddable":true,"href":"https:\/\/blog.fh-kaernten.at\/klemenjak\/wp-json\/wp\/v2\/media\/1214"}],"wp:attachment":[{"href":"https:\/\/blog.fh-kaernten.at\/klemenjak\/wp-json\/wp\/v2\/media?parent=1213"}],"wp:term":[{"taxonomy":"category","embeddable":true,"href":"https:\/\/blog.fh-kaernten.at\/klemenjak\/wp-json\/wp\/v2\/categories?post=1213"},{"taxonomy":"post_tag","embeddable":true,"href":"https:\/\/blog.fh-kaernten.at\/klemenjak\/wp-json\/wp\/v2\/tags?post=1213"}],"curies":[{"name":"wp","href":"https:\/\/api.w.org\/{rel}","templated":true}]}}