{"id":1194,"date":"2024-09-06T13:45:20","date_gmt":"2024-09-06T11:45:20","guid":{"rendered":"https:\/\/blog.fh-kaernten.at\/klemenjak\/?p=1194"},"modified":"2024-09-06T13:52:25","modified_gmt":"2024-09-06T11:52:25","slug":"beitrag-in-schriftenreihe-der-oefeb-sektion-sozialpaedagogik-erschienen","status":"publish","type":"post","link":"https:\/\/blog.fh-kaernten.at\/klemenjak\/2024\/09\/06\/beitrag-in-schriftenreihe-der-oefeb-sektion-sozialpaedagogik-erschienen\/","title":{"rendered":"Beitrag in Schriftenreihe der \u00d6FEB-Sektion Sozialp\u00e4dagogik erschienen"},"content":{"rendered":"<p><a href=\"http:\/\/blog.fh-kaernten.at\/klemenjak\/files\/2024\/09\/20240906_130549-scaled.jpg\"><img fetchpriority=\"high\" decoding=\"async\" class=\"alignnone size-medium wp-image-1196\" src=\"http:\/\/blog.fh-kaernten.at\/klemenjak\/files\/2024\/09\/20240906_130549-225x300.jpg\" alt=\"\" width=\"225\" height=\"300\" srcset=\"https:\/\/blog.fh-kaernten.at\/klemenjak\/files\/2024\/09\/20240906_130549-225x300.jpg 225w, https:\/\/blog.fh-kaernten.at\/klemenjak\/files\/2024\/09\/20240906_130549-768x1024.jpg 768w, https:\/\/blog.fh-kaernten.at\/klemenjak\/files\/2024\/09\/20240906_130549-1152x1536.jpg 1152w, https:\/\/blog.fh-kaernten.at\/klemenjak\/files\/2024\/09\/20240906_130549-1536x2048.jpg 1536w, https:\/\/blog.fh-kaernten.at\/klemenjak\/files\/2024\/09\/20240906_130549-scaled.jpg 1920w\" sizes=\"(max-width: 225px) 100vw, 225px\" \/><\/a><\/p>\n<p>Im gerade erschienenen 17. Band der Schriftenreihe der \u00d6FEB-Sektion Sozialp\u00e4dagogik mit dem Titel \u201eSoziale Arbeit zwischen Inklusion und Exklusion &#8211; Perspektiven aus Forschung und Praxis\u201c, herausgegeben von Karin Lauermann, Rahel More, Marion Sigot und Stephan Sting ver\u00f6ffentlichte Martin Klemenjak einen <strong>Beitrag mit dem Titel \u201eBerufliche Integration von Jugendlichen und jungen Erwachsenen mit Behinderungen und Benachteiligungen \u2013 exemplarisch ausgew\u00e4hlte Ans\u00e4tze und Ma\u00dfnahmen\u201c<\/strong>.<\/p>\n<p><strong>Nachfolgend die Angaben zum Buchbeitrag:<\/strong><br \/>\nKlemenjak, Martin (2024): Berufliche Integration von Jugendlichen und jungen Erwachsenen mit Behinderungen und Benachteiligungen \u2013 exemplarisch ausgew\u00e4hlte Ans\u00e4tze und Ma\u00dfnahmen. In: Lauermann, Karin\/More, Rahel\/Sigot, Marion\/Sting, Stephan (Hrsg.): Soziale Arbeit zwischen Inklusion und Exklusion \u2013 Perspektiven aus Forschung und Praxis, Verlag Barbara Budrich, Opladen\/Berlin\/Toronto. (Schriftenreihe der \u00d6FEB-Sektion Sozialp\u00e4dagogik, Band 17), S. 72 bis 82.<\/p>\n<p>&nbsp;<\/p>\n","protected":false},"excerpt":{"rendered":"<p>Im gerade erschienenen 17. Band der Schriftenreihe der \u00d6FEB-Sektion Sozialp\u00e4dagogik mit dem Titel \u201eSoziale Arbeit zwischen Inklusion und Exklusion &#8211; Perspektiven aus Forschung und Praxis\u201c, herausgegeben von Karin Lauermann, Rahel More, Marion Sigot und Stephan Sting ver\u00f6ffentlichte Martin Klemenjak einen Beitrag mit dem Titel \u201eBerufliche Integration von Jugendlichen und jungen Erwachsenen mit Behinderungen und Benachteiligungen [&hellip;]<\/p>\n","protected":false},"author":67,"featured_media":1196,"comment_status":"open","ping_status":"open","sticky":false,"template":"","format":"standard","meta":{"inline_featured_image":false,"footnotes":""},"categories":[1],"tags":[],"class_list":["post-1194","post","type-post","status-publish","format-standard","has-post-thumbnail","hentry","category-allgemein"],"_links":{"self":[{"href":"https:\/\/blog.fh-kaernten.at\/klemenjak\/wp-json\/wp\/v2\/posts\/1194","targetHints":{"allow":["GET"]}}],"collection":[{"href":"https:\/\/blog.fh-kaernten.at\/klemenjak\/wp-json\/wp\/v2\/posts"}],"about":[{"href":"https:\/\/blog.fh-kaernten.at\/klemenjak\/wp-json\/wp\/v2\/types\/post"}],"author":[{"embeddable":true,"href":"https:\/\/blog.fh-kaernten.at\/klemenjak\/wp-json\/wp\/v2\/users\/67"}],"replies":[{"embeddable":true,"href":"https:\/\/blog.fh-kaernten.at\/klemenjak\/wp-json\/wp\/v2\/comments?post=1194"}],"version-history":[{"count":0,"href":"https:\/\/blog.fh-kaernten.at\/klemenjak\/wp-json\/wp\/v2\/posts\/1194\/revisions"}],"wp:featuredmedia":[{"embeddable":true,"href":"https:\/\/blog.fh-kaernten.at\/klemenjak\/wp-json\/wp\/v2\/media\/1196"}],"wp:attachment":[{"href":"https:\/\/blog.fh-kaernten.at\/klemenjak\/wp-json\/wp\/v2\/media?parent=1194"}],"wp:term":[{"taxonomy":"category","embeddable":true,"href":"https:\/\/blog.fh-kaernten.at\/klemenjak\/wp-json\/wp\/v2\/categories?post=1194"},{"taxonomy":"post_tag","embeddable":true,"href":"https:\/\/blog.fh-kaernten.at\/klemenjak\/wp-json\/wp\/v2\/tags?post=1194"}],"curies":[{"name":"wp","href":"https:\/\/api.w.org\/{rel}","templated":true}]}}