{"id":1169,"date":"2024-06-19T16:59:37","date_gmt":"2024-06-19T14:59:37","guid":{"rendered":"https:\/\/blog.fh-kaernten.at\/klemenjak\/?p=1169"},"modified":"2024-06-19T20:48:06","modified_gmt":"2024-06-19T18:48:06","slug":"beitrag-in-fachzeitschrift-zum-schwerpunkt-demokratiebildung-erschienen","status":"publish","type":"post","link":"https:\/\/blog.fh-kaernten.at\/klemenjak\/2024\/06\/19\/beitrag-in-fachzeitschrift-zum-schwerpunkt-demokratiebildung-erschienen\/","title":{"rendered":"Beitrag in Fachzeitschrift zum Thema \u201eDemokratiebildung&#8220; erschienen"},"content":{"rendered":"<p><a href=\"http:\/\/blog.fh-kaernten.at\/klemenjak\/files\/2024\/06\/OVH_Magazin_282_01_2024_Cover-1-255x342-1.jpg\"><img fetchpriority=\"high\" decoding=\"async\" class=\"alignnone size-medium wp-image-1170\" src=\"http:\/\/blog.fh-kaernten.at\/klemenjak\/files\/2024\/06\/OVH_Magazin_282_01_2024_Cover-1-255x342-1-224x300.jpg\" alt=\"\" width=\"224\" height=\"300\" srcset=\"https:\/\/blog.fh-kaernten.at\/klemenjak\/files\/2024\/06\/OVH_Magazin_282_01_2024_Cover-1-255x342-1-224x300.jpg 224w, https:\/\/blog.fh-kaernten.at\/klemenjak\/files\/2024\/06\/OVH_Magazin_282_01_2024_Cover-1-255x342-1.jpg 255w\" sizes=\"(max-width: 224px) 100vw, 224px\" \/><\/a><\/p>\n<p>In der aktuellen Ausgabe der Fachzeitschrift \u201eDie \u00d6sterreichische Volkshochschule &#8211; Magazin f\u00fcr Erwachsenenbildung&#8220; (75. Jahrgang, Nr. 282, Fr\u00fchjahr\/Sommer 2024) ver\u00f6ffentlichten Martin Klemenjak (FH K\u00e4rnten), Cordula Wadl und Daniel Weidlitsch (beide AK K\u00e4rnten) einen Beitrag mit dem Titel \u201eDie Bedeutung betrieblicher Mitbestimmung und sozialer Handlungskompetenzen f\u00fcr die Demokratie&#8220;, der unter folgendem Link gelesen werden kann: <a href=\"https:\/\/magazin.vhs.or.at\/magazin\/2024-2\/282-fruehjahrsommer-2024\/schwerpunkt-demokratiebildung\/die-bedeutung-betrieblicher-mitbestimmung-und-sozialer-handlungskompetenzen-fuer-die-demokratie\/\">Die \u00d6sterreichische Volkshochschule \u2013 Magazin f\u00fcr Erwachsenenbildung \u2013 Die Bedeutung betrieblicher Mitbestimmung und sozialer Handlungskompetenzen f\u00fcr die Demokratie (vhs.or.at)<\/a><\/p>\n","protected":false},"excerpt":{"rendered":"<p>In der aktuellen Ausgabe der Fachzeitschrift \u201eDie \u00d6sterreichische Volkshochschule &#8211; Magazin f\u00fcr Erwachsenenbildung&#8220; (75. Jahrgang, Nr. 282, Fr\u00fchjahr\/Sommer 2024) ver\u00f6ffentlichten Martin Klemenjak (FH K\u00e4rnten), Cordula Wadl und Daniel Weidlitsch (beide AK K\u00e4rnten) einen Beitrag mit dem Titel \u201eDie Bedeutung betrieblicher Mitbestimmung und sozialer Handlungskompetenzen f\u00fcr die Demokratie&#8220;, der unter folgendem Link gelesen werden kann: Die [&hellip;]<\/p>\n","protected":false},"author":67,"featured_media":1170,"comment_status":"open","ping_status":"open","sticky":false,"template":"","format":"standard","meta":{"inline_featured_image":false,"footnotes":""},"categories":[1],"tags":[],"class_list":["post-1169","post","type-post","status-publish","format-standard","has-post-thumbnail","hentry","category-allgemein"],"_links":{"self":[{"href":"https:\/\/blog.fh-kaernten.at\/klemenjak\/wp-json\/wp\/v2\/posts\/1169","targetHints":{"allow":["GET"]}}],"collection":[{"href":"https:\/\/blog.fh-kaernten.at\/klemenjak\/wp-json\/wp\/v2\/posts"}],"about":[{"href":"https:\/\/blog.fh-kaernten.at\/klemenjak\/wp-json\/wp\/v2\/types\/post"}],"author":[{"embeddable":true,"href":"https:\/\/blog.fh-kaernten.at\/klemenjak\/wp-json\/wp\/v2\/users\/67"}],"replies":[{"embeddable":true,"href":"https:\/\/blog.fh-kaernten.at\/klemenjak\/wp-json\/wp\/v2\/comments?post=1169"}],"version-history":[{"count":0,"href":"https:\/\/blog.fh-kaernten.at\/klemenjak\/wp-json\/wp\/v2\/posts\/1169\/revisions"}],"wp:featuredmedia":[{"embeddable":true,"href":"https:\/\/blog.fh-kaernten.at\/klemenjak\/wp-json\/wp\/v2\/media\/1170"}],"wp:attachment":[{"href":"https:\/\/blog.fh-kaernten.at\/klemenjak\/wp-json\/wp\/v2\/media?parent=1169"}],"wp:term":[{"taxonomy":"category","embeddable":true,"href":"https:\/\/blog.fh-kaernten.at\/klemenjak\/wp-json\/wp\/v2\/categories?post=1169"},{"taxonomy":"post_tag","embeddable":true,"href":"https:\/\/blog.fh-kaernten.at\/klemenjak\/wp-json\/wp\/v2\/tags?post=1169"}],"curies":[{"name":"wp","href":"https:\/\/api.w.org\/{rel}","templated":true}]}}