{"id":1151,"date":"2024-03-11T09:56:17","date_gmt":"2024-03-11T07:56:17","guid":{"rendered":"https:\/\/blog.fh-kaernten.at\/klemenjak\/?p=1151"},"modified":"2024-03-13T18:28:09","modified_gmt":"2024-03-13T16:28:09","slug":"modellprojekt-arbeitsplatzgarantie-marienthal-online-gastvortag-von-kontroll-landesrat-sven-hergovich","status":"publish","type":"post","link":"https:\/\/blog.fh-kaernten.at\/klemenjak\/2024\/03\/11\/modellprojekt-arbeitsplatzgarantie-marienthal-online-gastvortag-von-kontroll-landesrat-sven-hergovich\/","title":{"rendered":"Modellprojekt Arbeitsplatzgarantie Marienthal \u2013 Online-Gastvortrag von Kontroll-Landesrat Sven Hergovich"},"content":{"rendered":"<p><a href=\"http:\/\/blog.fh-kaernten.at\/klemenjak\/files\/2024\/03\/Einladung_Gastvortrag_final.jpg\"><img fetchpriority=\"high\" decoding=\"async\" class=\"alignnone size-medium wp-image-1152\" src=\"http:\/\/blog.fh-kaernten.at\/klemenjak\/files\/2024\/03\/Einladung_Gastvortrag_final-300x211.jpg\" alt=\"\" width=\"300\" height=\"211\" srcset=\"https:\/\/blog.fh-kaernten.at\/klemenjak\/files\/2024\/03\/Einladung_Gastvortrag_final-300x211.jpg 300w, https:\/\/blog.fh-kaernten.at\/klemenjak\/files\/2024\/03\/Einladung_Gastvortrag_final-1024x722.jpg 1024w, https:\/\/blog.fh-kaernten.at\/klemenjak\/files\/2024\/03\/Einladung_Gastvortrag_final-768x541.jpg 768w, https:\/\/blog.fh-kaernten.at\/klemenjak\/files\/2024\/03\/Einladung_Gastvortrag_final-1536x1083.jpg 1536w, https:\/\/blog.fh-kaernten.at\/klemenjak\/files\/2024\/03\/Einladung_Gastvortrag_final-2048x1444.jpg 2048w\" sizes=\"(max-width: 300px) 100vw, 300px\" \/><\/a><\/p>\n<p>Am Freitag, 1. M\u00e4rz 2024 wurde im Rahmen der Lehrveranstaltung \u201eInklusive Berufsausbildung und Erwachsenenbildung\u201c im Master-Studiengang Disability, Diversity &amp; Digitalisierung der Fachhochschule K\u00e4rnten ein besonderes Highlight organisiert.<\/p>\n<p>Kontroll-Landesrat Sven Hergovich berichtete im Rahmen eines Online-Gastvortrages \u00fcber das Modellprojekt Arbeitsplatzgarantie Marienthal. Als Landesgesch\u00e4ftsf\u00fchrer des AMS Nieder\u00f6sterreich \u2013 von Juli 2018 bis Februar 2023 \u2013 konnte er zahlreiche Projekte im Arbeitsmarktbereich entwickeln, initiieren und umsetzen, darunter das Modellprojekt Arbeitsplatzgarantie Marienthal. Begr\u00fc\u00dft wurde der Gastvortragende von Studiengangsleiterin FH-Professorin Susanne Dungs, die sich auch aktiv an der Diskussion beteiligte. Moderiert wurde der Online-Gastvortrag und die anschlie\u00dfende Diskussion von FH-Professor Martin Klemenjak.<\/p>\n","protected":false},"excerpt":{"rendered":"<p>Am Freitag, 1. M\u00e4rz 2024 wurde im Rahmen der Lehrveranstaltung \u201eInklusive Berufsausbildung und Erwachsenenbildung\u201c im Master-Studiengang Disability, Diversity &amp; Digitalisierung der Fachhochschule K\u00e4rnten ein besonderes Highlight organisiert. Kontroll-Landesrat Sven Hergovich berichtete im Rahmen eines Online-Gastvortrages \u00fcber das Modellprojekt Arbeitsplatzgarantie Marienthal. Als Landesgesch\u00e4ftsf\u00fchrer des AMS Nieder\u00f6sterreich \u2013 von Juli 2018 bis Februar 2023 \u2013 konnte er [&hellip;]<\/p>\n","protected":false},"author":67,"featured_media":1152,"comment_status":"open","ping_status":"open","sticky":false,"template":"","format":"standard","meta":{"inline_featured_image":false,"footnotes":""},"categories":[1],"tags":[],"class_list":["post-1151","post","type-post","status-publish","format-standard","has-post-thumbnail","hentry","category-allgemein"],"_links":{"self":[{"href":"https:\/\/blog.fh-kaernten.at\/klemenjak\/wp-json\/wp\/v2\/posts\/1151","targetHints":{"allow":["GET"]}}],"collection":[{"href":"https:\/\/blog.fh-kaernten.at\/klemenjak\/wp-json\/wp\/v2\/posts"}],"about":[{"href":"https:\/\/blog.fh-kaernten.at\/klemenjak\/wp-json\/wp\/v2\/types\/post"}],"author":[{"embeddable":true,"href":"https:\/\/blog.fh-kaernten.at\/klemenjak\/wp-json\/wp\/v2\/users\/67"}],"replies":[{"embeddable":true,"href":"https:\/\/blog.fh-kaernten.at\/klemenjak\/wp-json\/wp\/v2\/comments?post=1151"}],"version-history":[{"count":0,"href":"https:\/\/blog.fh-kaernten.at\/klemenjak\/wp-json\/wp\/v2\/posts\/1151\/revisions"}],"wp:featuredmedia":[{"embeddable":true,"href":"https:\/\/blog.fh-kaernten.at\/klemenjak\/wp-json\/wp\/v2\/media\/1152"}],"wp:attachment":[{"href":"https:\/\/blog.fh-kaernten.at\/klemenjak\/wp-json\/wp\/v2\/media?parent=1151"}],"wp:term":[{"taxonomy":"category","embeddable":true,"href":"https:\/\/blog.fh-kaernten.at\/klemenjak\/wp-json\/wp\/v2\/categories?post=1151"},{"taxonomy":"post_tag","embeddable":true,"href":"https:\/\/blog.fh-kaernten.at\/klemenjak\/wp-json\/wp\/v2\/tags?post=1151"}],"curies":[{"name":"wp","href":"https:\/\/api.w.org\/{rel}","templated":true}]}}