{"id":1131,"date":"2024-02-05T12:14:18","date_gmt":"2024-02-05T10:14:18","guid":{"rendered":"https:\/\/blog.fh-kaernten.at\/klemenjak\/?p=1131"},"modified":"2024-02-05T12:18:21","modified_gmt":"2024-02-05T10:18:21","slug":"verleihung-der-zertifikate-an-die-absolventinnen-des-zertifikatslehrganges-soziale-handlungskompetenzen-fuer-die-betriebsratstaetigkeit","status":"publish","type":"post","link":"https:\/\/blog.fh-kaernten.at\/klemenjak\/2024\/02\/05\/verleihung-der-zertifikate-an-die-absolventinnen-des-zertifikatslehrganges-soziale-handlungskompetenzen-fuer-die-betriebsratstaetigkeit\/","title":{"rendered":"Verleihung der Zertifikate an die Absolvent*innen des Zertifikatslehrganges \u201eSoziale Handlungskompetenzen f\u00fcr die Betriebsratst\u00e4tigkeit\u201c"},"content":{"rendered":"<p><a href=\"http:\/\/blog.fh-kaernten.at\/klemenjak\/files\/2024\/02\/Gruppenfoto-scaled.jpg\"><img fetchpriority=\"high\" decoding=\"async\" class=\"alignnone size-medium wp-image-1134\" src=\"http:\/\/blog.fh-kaernten.at\/klemenjak\/files\/2024\/02\/Gruppenfoto-225x300.jpg\" alt=\"\" width=\"225\" height=\"300\" srcset=\"https:\/\/blog.fh-kaernten.at\/klemenjak\/files\/2024\/02\/Gruppenfoto-225x300.jpg 225w, https:\/\/blog.fh-kaernten.at\/klemenjak\/files\/2024\/02\/Gruppenfoto-768x1024.jpg 768w, https:\/\/blog.fh-kaernten.at\/klemenjak\/files\/2024\/02\/Gruppenfoto-1152x1536.jpg 1152w, https:\/\/blog.fh-kaernten.at\/klemenjak\/files\/2024\/02\/Gruppenfoto-1536x2048.jpg 1536w, https:\/\/blog.fh-kaernten.at\/klemenjak\/files\/2024\/02\/Gruppenfoto-scaled.jpg 1920w\" sizes=\"(max-width: 225px) 100vw, 225px\" \/><\/a><\/p>\n<p>Fotonachweis: (c) FH K\u00e4rnten Academy<\/p>\n<p>Am Samstag, 13. J\u00e4nner 2024 wurden am Campus Feldkirchen der Fachhochschule K\u00e4rnten an die Absolvent*innen des Zertifikatslehrganges \u201eSoziale Handlungskompetenzen f\u00fcr die Betriebsratst\u00e4tigkeit\u201c die Zertifikate verliehen. Es gratulierten: AK-Vizepr\u00e4sidentin Uschi Heitzer, der Leiter des Studienbereichs Gesundheit &amp; Soziales FH-Prof. Dr. Holger Penz, der Leiter der AK-Bildungsabteilung Mag. Peter Reichmann, die Leiterin der FH K\u00e4rnten Academy Mag. Carmen Zernig-Malatschnig sowie der wissenschaftliche Lehrgangsleiter FH-Prof. Dr. Martin Klemenjak.<\/p>\n<p>Dieser Zertifikatslehrgang umfasste zwei Semester, acht Semesterwochenstunden bzw. 120 Unterrichtseinheiten. Bei erbrachtem Leistungsnachweis (Projektarbeit) konnten acht 8 ECTS erworben werden. Gegliedert in acht Module standen die Themen Kennenlernen &amp; Basics, ausgew\u00e4hlte Handlungsfelder in der betrieblichen Praxis, erfolgreiche Gespr\u00e4chsf\u00fchrung, Konfliktmanagement, Resilienz am Arbeitsplatz, Verhandlungen erfolgreich f\u00fchren, digitale Transformation und New Work im Fokus.<\/p>\n","protected":false},"excerpt":{"rendered":"<p>Fotonachweis: (c) FH K\u00e4rnten Academy Am Samstag, 13. J\u00e4nner 2024 wurden am Campus Feldkirchen der Fachhochschule K\u00e4rnten an die Absolvent*innen des Zertifikatslehrganges \u201eSoziale Handlungskompetenzen f\u00fcr die Betriebsratst\u00e4tigkeit\u201c die Zertifikate verliehen. Es gratulierten: AK-Vizepr\u00e4sidentin Uschi Heitzer, der Leiter des Studienbereichs Gesundheit &amp; Soziales FH-Prof. Dr. Holger Penz, der Leiter der AK-Bildungsabteilung Mag. Peter Reichmann, die Leiterin [&hellip;]<\/p>\n","protected":false},"author":67,"featured_media":1134,"comment_status":"open","ping_status":"open","sticky":false,"template":"","format":"standard","meta":{"inline_featured_image":false,"footnotes":""},"categories":[1],"tags":[],"class_list":["post-1131","post","type-post","status-publish","format-standard","has-post-thumbnail","hentry","category-allgemein"],"_links":{"self":[{"href":"https:\/\/blog.fh-kaernten.at\/klemenjak\/wp-json\/wp\/v2\/posts\/1131","targetHints":{"allow":["GET"]}}],"collection":[{"href":"https:\/\/blog.fh-kaernten.at\/klemenjak\/wp-json\/wp\/v2\/posts"}],"about":[{"href":"https:\/\/blog.fh-kaernten.at\/klemenjak\/wp-json\/wp\/v2\/types\/post"}],"author":[{"embeddable":true,"href":"https:\/\/blog.fh-kaernten.at\/klemenjak\/wp-json\/wp\/v2\/users\/67"}],"replies":[{"embeddable":true,"href":"https:\/\/blog.fh-kaernten.at\/klemenjak\/wp-json\/wp\/v2\/comments?post=1131"}],"version-history":[{"count":0,"href":"https:\/\/blog.fh-kaernten.at\/klemenjak\/wp-json\/wp\/v2\/posts\/1131\/revisions"}],"wp:featuredmedia":[{"embeddable":true,"href":"https:\/\/blog.fh-kaernten.at\/klemenjak\/wp-json\/wp\/v2\/media\/1134"}],"wp:attachment":[{"href":"https:\/\/blog.fh-kaernten.at\/klemenjak\/wp-json\/wp\/v2\/media?parent=1131"}],"wp:term":[{"taxonomy":"category","embeddable":true,"href":"https:\/\/blog.fh-kaernten.at\/klemenjak\/wp-json\/wp\/v2\/categories?post=1131"},{"taxonomy":"post_tag","embeddable":true,"href":"https:\/\/blog.fh-kaernten.at\/klemenjak\/wp-json\/wp\/v2\/tags?post=1131"}],"curies":[{"name":"wp","href":"https:\/\/api.w.org\/{rel}","templated":true}]}}