{"id":1123,"date":"2023-10-24T16:34:23","date_gmt":"2023-10-24T14:34:23","guid":{"rendered":"https:\/\/blog.fh-kaernten.at\/klemenjak\/?p=1123"},"modified":"2023-10-24T16:34:23","modified_gmt":"2023-10-24T14:34:23","slug":"kaerntner-gespraeche-zur-demokratiepolitischen-bildung-2023-der-sozialstaat-als-garant-fuer-die-demokratie-2","status":"publish","type":"post","link":"https:\/\/blog.fh-kaernten.at\/klemenjak\/2023\/10\/24\/kaerntner-gespraeche-zur-demokratiepolitischen-bildung-2023-der-sozialstaat-als-garant-fuer-die-demokratie-2\/","title":{"rendered":"K\u00e4rntner Gespr\u00e4che zur demokratiepolitischen Bildung 2023: Der Sozialstaat als Garant f\u00fcr die Demokratie"},"content":{"rendered":"<p><a href=\"http:\/\/blog.fh-kaernten.at\/klemenjak\/files\/2023\/10\/7U0A8990-scaled.jpg\"><img fetchpriority=\"high\" decoding=\"async\" class=\"alignnone size-medium wp-image-1125\" src=\"http:\/\/blog.fh-kaernten.at\/klemenjak\/files\/2023\/10\/7U0A8990-300x200.jpg\" alt=\"\" width=\"300\" height=\"200\" srcset=\"https:\/\/blog.fh-kaernten.at\/klemenjak\/files\/2023\/10\/7U0A8990-300x200.jpg 300w, https:\/\/blog.fh-kaernten.at\/klemenjak\/files\/2023\/10\/7U0A8990-1024x683.jpg 1024w, https:\/\/blog.fh-kaernten.at\/klemenjak\/files\/2023\/10\/7U0A8990-768x512.jpg 768w, https:\/\/blog.fh-kaernten.at\/klemenjak\/files\/2023\/10\/7U0A8990-1536x1024.jpg 1536w, https:\/\/blog.fh-kaernten.at\/klemenjak\/files\/2023\/10\/7U0A8990-2048x1365.jpg 2048w\" sizes=\"(max-width: 300px) 100vw, 300px\" \/><\/a><\/p>\n<p>Am Freitag, 20. Oktober 2023 fanden zum mittlerweile zw\u00f6lften Mal die \u201eK\u00e4rntner Gespr\u00e4che zur demokratiepolitischen Bildung\u201c im Konferenzsaal der AK K\u00e4rnten statt. Die gesamte Tagung wurde wieder online \u00fcbertragen. Dabei handelt es sich um eine Kooperationsveranstaltung der Kammer f\u00fcr Arbeiter und Angestellte f\u00fcr K\u00e4rnten mit dem Verband \u00d6sterreichischer gewerkschaftlicher Bildung, der P\u00e4dagogischen Hochschule K\u00e4rnten \u2013 Viktor Frankl Hochschule, der Universit\u00e4t Klagenfurt, der Bildungsdirektion K\u00e4rnten, den K\u00e4rntner Volkshochschulen, der Landschaft des Wissens \u2013 Wissenschaftsverein K\u00e4rnten und dem Studiengang Soziale Arbeit der Fachhochschule K\u00e4rnten. Das Tagungsthema lautete: \u201eDer Sozialstaat als Garant f\u00fcr die Demokratie\u201c.<\/p>\n<p>Nach der Begr\u00fc\u00dfung und Einleitung durch Vertreter der Arbeiterkammer K\u00e4rnten pr\u00e4sentierte Landeshauptmann Peter Kaiser Leitgedanken zum Tagungsthema. Die Teilnehmenden konnten sich an der folgenden Diskussion beteiligen. Danach standen drei Key-Notes mit anschlie\u00dfender Diskussion im Plenum auf dem Programm. Die Online-Teilnehmer*innen konnten sich via Chat an der Tagung beteiligen.<\/p>\n<p>Die Key-Notes und die Referent*innen im \u00dcberblick:<\/p>\n<ul>\n<li>Gedanken zu Gegenwart und Zukunft des \u00f6sterreichischen Sozialstaats (Karin Heitzmann \u2013 WU Wien)<\/li>\n<li>Betriebliche Mitbestimmung als S\u00e4ule der Demokratie und des Sozialstaates (Bettina Stadler \u2013 Universit\u00e4t Graz)<\/li>\n<li>Klimakrise und sozial-\u00f6kologische Transformation \u2013 Herausforderungen und Perspektiven f\u00fcr den Sozialstaat (Alina Brad \u2013 Universit\u00e4t Wien)<\/li>\n<\/ul>\n<p>Nach der zweiten Key-Note folgte das Theaterst\u00fcck \u201eDie Welt wird blau&#8220; von Lorenz Hippe und eigenen Texten der Darsteller*innen (Theatergruppe licHTerLoh \u2013 Theater an der HTL Villach).<\/p>\n<p>Den Abschluss bildete ein Fazit. Moderiert wurden die \u201eK\u00e4rntner Gespr\u00e4che zur demokratiepolitischen Bildung 2023\u201c von Daniel Weidlitsch (AK K\u00e4rnten).<\/p>\n<p>Fotohinweis: AK K\u00e4rnten\/Gernot Gleiss<\/p>\n","protected":false},"excerpt":{"rendered":"<p>Am Freitag, 20. Oktober 2023 fanden zum mittlerweile zw\u00f6lften Mal die \u201eK\u00e4rntner Gespr\u00e4che zur demokratiepolitischen Bildung\u201c im Konferenzsaal der AK K\u00e4rnten statt. Die gesamte Tagung wurde wieder online \u00fcbertragen. Dabei handelt es sich um eine Kooperationsveranstaltung der Kammer f\u00fcr Arbeiter und Angestellte f\u00fcr K\u00e4rnten mit dem Verband \u00d6sterreichischer gewerkschaftlicher Bildung, der P\u00e4dagogischen Hochschule K\u00e4rnten \u2013 [&hellip;]<\/p>\n","protected":false},"author":67,"featured_media":1125,"comment_status":"open","ping_status":"open","sticky":false,"template":"","format":"standard","meta":{"inline_featured_image":false,"footnotes":""},"categories":[1],"tags":[],"class_list":["post-1123","post","type-post","status-publish","format-standard","has-post-thumbnail","hentry","category-allgemein"],"_links":{"self":[{"href":"https:\/\/blog.fh-kaernten.at\/klemenjak\/wp-json\/wp\/v2\/posts\/1123","targetHints":{"allow":["GET"]}}],"collection":[{"href":"https:\/\/blog.fh-kaernten.at\/klemenjak\/wp-json\/wp\/v2\/posts"}],"about":[{"href":"https:\/\/blog.fh-kaernten.at\/klemenjak\/wp-json\/wp\/v2\/types\/post"}],"author":[{"embeddable":true,"href":"https:\/\/blog.fh-kaernten.at\/klemenjak\/wp-json\/wp\/v2\/users\/67"}],"replies":[{"embeddable":true,"href":"https:\/\/blog.fh-kaernten.at\/klemenjak\/wp-json\/wp\/v2\/comments?post=1123"}],"version-history":[{"count":0,"href":"https:\/\/blog.fh-kaernten.at\/klemenjak\/wp-json\/wp\/v2\/posts\/1123\/revisions"}],"wp:featuredmedia":[{"embeddable":true,"href":"https:\/\/blog.fh-kaernten.at\/klemenjak\/wp-json\/wp\/v2\/media\/1125"}],"wp:attachment":[{"href":"https:\/\/blog.fh-kaernten.at\/klemenjak\/wp-json\/wp\/v2\/media?parent=1123"}],"wp:term":[{"taxonomy":"category","embeddable":true,"href":"https:\/\/blog.fh-kaernten.at\/klemenjak\/wp-json\/wp\/v2\/categories?post=1123"},{"taxonomy":"post_tag","embeddable":true,"href":"https:\/\/blog.fh-kaernten.at\/klemenjak\/wp-json\/wp\/v2\/tags?post=1123"}],"curies":[{"name":"wp","href":"https:\/\/api.w.org\/{rel}","templated":true}]}}