{"id":1102,"date":"2023-10-11T09:04:08","date_gmt":"2023-10-11T07:04:08","guid":{"rendered":"https:\/\/blog.fh-kaernten.at\/klemenjak\/?p=1102"},"modified":"2023-10-11T09:09:51","modified_gmt":"2023-10-11T07:09:51","slug":"kaerntner-gespraeche-zur-demokratiepolitischen-bildung-2023-der-sozialstaat-als-garant-fuer-die-demokratie","status":"publish","type":"post","link":"https:\/\/blog.fh-kaernten.at\/klemenjak\/2023\/10\/11\/kaerntner-gespraeche-zur-demokratiepolitischen-bildung-2023-der-sozialstaat-als-garant-fuer-die-demokratie\/","title":{"rendered":"K\u00e4rntner Gespr\u00e4che zur demokratiepolitischen Bildung 2023: Der Sozialstaat als Garant f\u00fcr die Demokratie"},"content":{"rendered":"<p><a href=\"http:\/\/blog.fh-kaernten.at\/klemenjak\/files\/2023\/10\/Plakat-scaled.jpg\"><img fetchpriority=\"high\" decoding=\"async\" class=\"alignnone size-medium wp-image-1120\" src=\"http:\/\/blog.fh-kaernten.at\/klemenjak\/files\/2023\/10\/Plakat-210x300.jpg\" alt=\"\" width=\"210\" height=\"300\" srcset=\"https:\/\/blog.fh-kaernten.at\/klemenjak\/files\/2023\/10\/Plakat-210x300.jpg 210w, https:\/\/blog.fh-kaernten.at\/klemenjak\/files\/2023\/10\/Plakat-717x1024.jpg 717w, https:\/\/blog.fh-kaernten.at\/klemenjak\/files\/2023\/10\/Plakat-768x1096.jpg 768w, https:\/\/blog.fh-kaernten.at\/klemenjak\/files\/2023\/10\/Plakat-1076x1536.jpg 1076w, https:\/\/blog.fh-kaernten.at\/klemenjak\/files\/2023\/10\/Plakat-1435x2048.jpg 1435w, https:\/\/blog.fh-kaernten.at\/klemenjak\/files\/2023\/10\/Plakat-scaled.jpg 1793w\" sizes=\"(max-width: 210px) 100vw, 210px\" \/><\/a><\/p>\n<p>Diese Tagung besch\u00e4ftigt sich mit dem Thema \u201eDer Sozialstaat als Garant f\u00fcr die Demokratie\u201c und findet am <strong>Freitag, 20. Oktober 2023 <\/strong>\u2013 in der Zeit von 9:00 bis 13:30 Uhr \u2013 im Konferenzsaal der AK K\u00e4rnten\u00a0<strong>\u00a0in Klagenfurt<\/strong>\u00a0statt.<\/p>\n<p><a href=\"http:\/\/blog.fh-kaernten.at\/klemenjak\/files\/2023\/10\/Einladung-Programm.pdf\">Einladung &amp; Programm<\/a><\/p>\n<p><strong>N\u00e4here Informationen &amp; Anmeldung:<br \/>\n<\/strong>AK K\u00e4rnten, T: 050 477-2304,<br \/>\nE: bildung@akktn.at,<br \/>\nkaernten.arbeiterkammer.at\/ktn-gespraeche<\/p>\n","protected":false},"excerpt":{"rendered":"<p>Diese Tagung besch\u00e4ftigt sich mit dem Thema \u201eDer Sozialstaat als Garant f\u00fcr die Demokratie\u201c und findet am Freitag, 20. Oktober 2023 \u2013 in der Zeit von 9:00 bis 13:30 Uhr \u2013 im Konferenzsaal der AK K\u00e4rnten\u00a0\u00a0in Klagenfurt\u00a0statt. Einladung &amp; Programm N\u00e4here Informationen &amp; Anmeldung: AK K\u00e4rnten, T: 050 477-2304, E: bildung@akktn.at, kaernten.arbeiterkammer.at\/ktn-gespraeche<\/p>\n","protected":false},"author":67,"featured_media":1120,"comment_status":"open","ping_status":"open","sticky":false,"template":"","format":"standard","meta":{"inline_featured_image":false,"footnotes":""},"categories":[1],"tags":[],"class_list":["post-1102","post","type-post","status-publish","format-standard","has-post-thumbnail","hentry","category-allgemein"],"_links":{"self":[{"href":"https:\/\/blog.fh-kaernten.at\/klemenjak\/wp-json\/wp\/v2\/posts\/1102","targetHints":{"allow":["GET"]}}],"collection":[{"href":"https:\/\/blog.fh-kaernten.at\/klemenjak\/wp-json\/wp\/v2\/posts"}],"about":[{"href":"https:\/\/blog.fh-kaernten.at\/klemenjak\/wp-json\/wp\/v2\/types\/post"}],"author":[{"embeddable":true,"href":"https:\/\/blog.fh-kaernten.at\/klemenjak\/wp-json\/wp\/v2\/users\/67"}],"replies":[{"embeddable":true,"href":"https:\/\/blog.fh-kaernten.at\/klemenjak\/wp-json\/wp\/v2\/comments?post=1102"}],"version-history":[{"count":0,"href":"https:\/\/blog.fh-kaernten.at\/klemenjak\/wp-json\/wp\/v2\/posts\/1102\/revisions"}],"wp:featuredmedia":[{"embeddable":true,"href":"https:\/\/blog.fh-kaernten.at\/klemenjak\/wp-json\/wp\/v2\/media\/1120"}],"wp:attachment":[{"href":"https:\/\/blog.fh-kaernten.at\/klemenjak\/wp-json\/wp\/v2\/media?parent=1102"}],"wp:term":[{"taxonomy":"category","embeddable":true,"href":"https:\/\/blog.fh-kaernten.at\/klemenjak\/wp-json\/wp\/v2\/categories?post=1102"},{"taxonomy":"post_tag","embeddable":true,"href":"https:\/\/blog.fh-kaernten.at\/klemenjak\/wp-json\/wp\/v2\/tags?post=1102"}],"curies":[{"name":"wp","href":"https:\/\/api.w.org\/{rel}","templated":true}]}}