{"id":1084,"date":"2023-04-03T12:34:59","date_gmt":"2023-04-03T10:34:59","guid":{"rendered":"https:\/\/blog.fh-kaernten.at\/klemenjak\/?p=1084"},"modified":"2023-04-03T12:37:00","modified_gmt":"2023-04-03T10:37:00","slug":"zertifikatslehrgang-soziale-handlungskompetenzen-fuer-die-betriebsratstaetigkeit-2","status":"publish","type":"post","link":"https:\/\/blog.fh-kaernten.at\/klemenjak\/2023\/04\/03\/zertifikatslehrgang-soziale-handlungskompetenzen-fuer-die-betriebsratstaetigkeit-2\/","title":{"rendered":"Zertifikatslehrgang \u201eSoziale Handlungskompetenzen f\u00fcr die Betriebsratst\u00e4tigkeit\u201c"},"content":{"rendered":"<div class=\"lead\">\n<p><a href=\"http:\/\/blog.fh-kaernten.at\/klemenjak\/files\/2023\/04\/Gruppenfoto.jpg\"><img fetchpriority=\"high\" decoding=\"async\" class=\"alignnone size-medium wp-image-1085\" src=\"http:\/\/blog.fh-kaernten.at\/klemenjak\/files\/2023\/04\/Gruppenfoto-300x225.jpg\" alt=\"\" width=\"300\" height=\"225\" srcset=\"https:\/\/blog.fh-kaernten.at\/klemenjak\/files\/2023\/04\/Gruppenfoto-300x225.jpg 300w, https:\/\/blog.fh-kaernten.at\/klemenjak\/files\/2023\/04\/Gruppenfoto-1024x768.jpg 1024w, https:\/\/blog.fh-kaernten.at\/klemenjak\/files\/2023\/04\/Gruppenfoto-768x576.jpg 768w, https:\/\/blog.fh-kaernten.at\/klemenjak\/files\/2023\/04\/Gruppenfoto.jpg 1080w\" sizes=\"(max-width: 300px) 100vw, 300px\" \/><\/a><\/p>\n<p>Wir starten mit 19 Betriebsr\u00e4t*innen und Personalvertreter*innen aus K\u00e4rnten ins Sommersemester 2023<\/p>\n<\/div>\n<div class=\"news-text-wrap\">\n<div class=\"x11i5rnm xat24cr x1mh8g0r x1vvkbs xtlvy1s x126k92a\">\n<div dir=\"auto\">\n<p><span class=\"x193iq5w xeuugli x13faqbe x1vvkbs x1xmvt09 x1lliihq x1s928wv xhkezso x1gmr53x x1cpjm7i x1fgarty x1943h6x xudqn12 x3x7a5m x6prxxf xvq8zen xo1l8bm xzsf02u x1yc453h\" dir=\"auto\">Am 17. M\u00e4rz 2023 konnte unser Zertifikatslehrgang &#8222;Soziale Handlungskompetenzen f\u00fcr die Betriebsratst\u00e4tigkeit&#8220; wieder erfolgreich starten. Insgesamt nehmen 19 Betriebsr\u00e4t*innen sowie Personalvertreter*innen aus ganz K\u00e4rnten teil. Innerhalb von zwei Semestern werden den Teilnehmer*innen Kenntnisse und Fertigkeiten vermittelt, die f\u00fcr die Aus\u00fcbung der betriebsr\u00e4tlichen T\u00e4tigkeit erforderlich sind. Der Lehrgang findet in Kooperation mit der Arbeiterkammer K\u00e4rnten statt. Wir freuen uns \u00fcber die gute Zusammenarbeit.<\/span><\/p>\n<\/div>\n<\/div>\n<div class=\"x11i5rnm xat24cr x1mh8g0r x1vvkbs xtlvy1s x126k92a\">\n<div dir=\"auto\">\n<p><span class=\"x193iq5w xeuugli x13faqbe x1vvkbs x1xmvt09 x1lliihq x1s928wv xhkezso x1gmr53x x1cpjm7i x1fgarty x1943h6x xudqn12 x3x7a5m x6prxxf xvq8zen xo1l8bm xzsf02u x1yc453h\" dir=\"auto\">Den Lehrgangsstart begleiteten unter anderem Ursula Heitzer, Vizepr\u00e4sidentin der AK K\u00e4rnten, Peter Reichmann, Leiter der Abteilung Bildung, Jugend und Kultur der AK K\u00e4rnten, Holger Penz, Studienbereichsleiter &#8222;Gesundheit und Soziales&#8220; der FH K\u00e4rnten sowie das Team des Lehrgangs mit Carmen Zernig-Malatschnig als Leiterin des Weiterbildungszentrums, Martin Klemenjak, wissenschaftliche Leitung und Cordula Wadl, fachliche Leitung des Lehrgangs.<\/span><\/p>\n<\/div>\n<\/div>\n<div class=\"x11i5rnm xat24cr x1mh8g0r x1vvkbs xtlvy1s x126k92a\">\n<div dir=\"auto\">\n<p><span class=\"x193iq5w xeuugli x13faqbe x1vvkbs x1xmvt09 x1lliihq x1s928wv xhkezso x1gmr53x x1cpjm7i x1fgarty x1943h6x xudqn12 x3x7a5m x6prxxf xvq8zen xo1l8bm xzsf02u x1yc453h\" dir=\"auto\">Wir w\u00fcnschen all unseren Teilnehmer*innen einen erfolgreichen Studienstart!<\/span><\/p>\n<p>Quelle: <a href=\"https:\/\/www.fh-kaernten.at\/news\/detail\/soziale-handlungskompetenzen-fuer-die-betriebsratstaetigkeit\">Soziale Handlungskompetenzen f\u00fcr die Betriebsratst\u00e4tigkeit (fh-kaernten.at)<\/a><\/p>\n<p>Fotohinweis: FH K\u00e4rnten, WBZ<\/p>\n<\/div>\n<\/div>\n<\/div>\n","protected":false},"excerpt":{"rendered":"<p>Wir starten mit 19 Betriebsr\u00e4t*innen und Personalvertreter*innen aus K\u00e4rnten ins Sommersemester 2023 Am 17. M\u00e4rz 2023 konnte unser Zertifikatslehrgang &#8222;Soziale Handlungskompetenzen f\u00fcr die Betriebsratst\u00e4tigkeit&#8220; wieder erfolgreich starten. Insgesamt nehmen 19 Betriebsr\u00e4t*innen sowie Personalvertreter*innen aus ganz K\u00e4rnten teil. Innerhalb von zwei Semestern werden den Teilnehmer*innen Kenntnisse und Fertigkeiten vermittelt, die f\u00fcr die Aus\u00fcbung der betriebsr\u00e4tlichen T\u00e4tigkeit [&hellip;]<\/p>\n","protected":false},"author":67,"featured_media":1085,"comment_status":"open","ping_status":"open","sticky":false,"template":"","format":"standard","meta":{"inline_featured_image":false,"footnotes":""},"categories":[1],"tags":[],"class_list":["post-1084","post","type-post","status-publish","format-standard","has-post-thumbnail","hentry","category-allgemein"],"_links":{"self":[{"href":"https:\/\/blog.fh-kaernten.at\/klemenjak\/wp-json\/wp\/v2\/posts\/1084","targetHints":{"allow":["GET"]}}],"collection":[{"href":"https:\/\/blog.fh-kaernten.at\/klemenjak\/wp-json\/wp\/v2\/posts"}],"about":[{"href":"https:\/\/blog.fh-kaernten.at\/klemenjak\/wp-json\/wp\/v2\/types\/post"}],"author":[{"embeddable":true,"href":"https:\/\/blog.fh-kaernten.at\/klemenjak\/wp-json\/wp\/v2\/users\/67"}],"replies":[{"embeddable":true,"href":"https:\/\/blog.fh-kaernten.at\/klemenjak\/wp-json\/wp\/v2\/comments?post=1084"}],"version-history":[{"count":0,"href":"https:\/\/blog.fh-kaernten.at\/klemenjak\/wp-json\/wp\/v2\/posts\/1084\/revisions"}],"wp:featuredmedia":[{"embeddable":true,"href":"https:\/\/blog.fh-kaernten.at\/klemenjak\/wp-json\/wp\/v2\/media\/1085"}],"wp:attachment":[{"href":"https:\/\/blog.fh-kaernten.at\/klemenjak\/wp-json\/wp\/v2\/media?parent=1084"}],"wp:term":[{"taxonomy":"category","embeddable":true,"href":"https:\/\/blog.fh-kaernten.at\/klemenjak\/wp-json\/wp\/v2\/categories?post=1084"},{"taxonomy":"post_tag","embeddable":true,"href":"https:\/\/blog.fh-kaernten.at\/klemenjak\/wp-json\/wp\/v2\/tags?post=1084"}],"curies":[{"name":"wp","href":"https:\/\/api.w.org\/{rel}","templated":true}]}}