{"id":106,"date":"2013-09-12T11:48:28","date_gmt":"2013-09-12T09:48:28","guid":{"rendered":"http:\/\/blog.fh-kaernten.at\/klemenjak\/?p=106"},"modified":"2013-11-27T12:49:10","modified_gmt":"2013-11-27T10:49:10","slug":"kaerntner-gespraeche-zur-demokratiepolitischen-bildung-2013","status":"publish","type":"post","link":"https:\/\/blog.fh-kaernten.at\/klemenjak\/2013\/09\/12\/kaerntner-gespraeche-zur-demokratiepolitischen-bildung-2013\/","title":{"rendered":"K\u00e4rntner Gespr\u00e4che zur demokratiepolitischen Bildung 2013 &#8211; Populismus und Rassismus im Vormarsch?"},"content":{"rendered":"<p>In <strong>Kooperation<\/strong> mit der <strong>AK K\u00e4rnten<\/strong> (Mag. Heinz Pichler), dem <strong>V\u00d6GB<\/strong> (Martin Gressl) und der <strong>P\u00e4dagogischen Hochschule K\u00e4rnten &#8211; Viktor Frankl Hochschule K\u00e4rnten<\/strong> (Mag.a Josefine Scherling) hat Mag. Martin Klemenjak &#8211; vom Studiengang Soziale Arbeit der Fachhochschule K\u00e4rnten &#8211; die <strong>Fachtagung &#8222;K\u00e4rntner Gespr\u00e4che zur demokratiepolitischen Bildung 2013 &#8211; Populismus und Rassismus im Vormarsch?&#8220;<\/strong> konzipiert und organisiert.<\/p>\n<p>Diese Fachtagung findet am <strong>Donnerstag, 24. Oktober 2013 &#8211; in der Zeit von 09:30 bis 16:00 Uhr &#8211; im \u00d6GB\/AK Bildungsforum in Klagenfurt<\/strong> statt.<\/p>\n<p><a href=\"http:\/\/blog.fh-kaernten.at\/klemenjak\/files\/2013\/09\/Einladung-Programm1.pdf\">Einladung &amp; Programm<\/a><\/p>\n<p><strong>Informationen &amp; Anmeldungen:<br \/>\n<\/strong>AK K\u00e4rnten, T: 050 477-2307,<br \/>\nE-Mail: <a href=\"mailto:bildung@akktn.at\">bildung@akktn.at<\/a>,<a href=\"mailto:bildung@akktn.at\"><br \/>\nkaernten.arbeiterkammer.at\/veranstaltungen<\/a><\/p>\n","protected":false},"excerpt":{"rendered":"<p>In Kooperation mit der AK K\u00e4rnten (Mag. Heinz Pichler), dem V\u00d6GB (Martin Gressl) und der P\u00e4dagogischen Hochschule K\u00e4rnten &#8211; Viktor Frankl Hochschule K\u00e4rnten (Mag.a Josefine Scherling) hat Mag. Martin Klemenjak &#8211; vom Studiengang Soziale Arbeit der Fachhochschule K\u00e4rnten &#8211; die Fachtagung &#8222;K\u00e4rntner Gespr\u00e4che zur demokratiepolitischen Bildung 2013 &#8211; Populismus und Rassismus im Vormarsch?&#8220; konzipiert und [&hellip;]<\/p>\n","protected":false},"author":67,"featured_media":0,"comment_status":"open","ping_status":"open","sticky":false,"template":"","format":"standard","meta":{"inline_featured_image":false,"footnotes":""},"categories":[1],"tags":[],"class_list":["post-106","post","type-post","status-publish","format-standard","hentry","category-allgemein"],"_links":{"self":[{"href":"https:\/\/blog.fh-kaernten.at\/klemenjak\/wp-json\/wp\/v2\/posts\/106","targetHints":{"allow":["GET"]}}],"collection":[{"href":"https:\/\/blog.fh-kaernten.at\/klemenjak\/wp-json\/wp\/v2\/posts"}],"about":[{"href":"https:\/\/blog.fh-kaernten.at\/klemenjak\/wp-json\/wp\/v2\/types\/post"}],"author":[{"embeddable":true,"href":"https:\/\/blog.fh-kaernten.at\/klemenjak\/wp-json\/wp\/v2\/users\/67"}],"replies":[{"embeddable":true,"href":"https:\/\/blog.fh-kaernten.at\/klemenjak\/wp-json\/wp\/v2\/comments?post=106"}],"version-history":[{"count":0,"href":"https:\/\/blog.fh-kaernten.at\/klemenjak\/wp-json\/wp\/v2\/posts\/106\/revisions"}],"wp:attachment":[{"href":"https:\/\/blog.fh-kaernten.at\/klemenjak\/wp-json\/wp\/v2\/media?parent=106"}],"wp:term":[{"taxonomy":"category","embeddable":true,"href":"https:\/\/blog.fh-kaernten.at\/klemenjak\/wp-json\/wp\/v2\/categories?post=106"},{"taxonomy":"post_tag","embeddable":true,"href":"https:\/\/blog.fh-kaernten.at\/klemenjak\/wp-json\/wp\/v2\/tags?post=106"}],"curies":[{"name":"wp","href":"https:\/\/api.w.org\/{rel}","templated":true}]}}