{"id":1028,"date":"2022-10-24T08:53:16","date_gmt":"2022-10-24T06:53:16","guid":{"rendered":"https:\/\/blog.fh-kaernten.at\/klemenjak\/?p=1028"},"modified":"2022-11-02T18:58:29","modified_gmt":"2022-11-02T16:58:29","slug":"kaerntner-gespraeche-zur-demokratiepolitischen-bildung-2022-ohn-macht-der-demokratie-2","status":"publish","type":"post","link":"https:\/\/blog.fh-kaernten.at\/klemenjak\/2022\/10\/24\/kaerntner-gespraeche-zur-demokratiepolitischen-bildung-2022-ohn-macht-der-demokratie-2\/","title":{"rendered":"K\u00e4rntner Gespr\u00e4che zur demokratiepolitischen Bildung 2022: (Ohn-)Macht der Demokratie"},"content":{"rendered":"<p><a href=\"http:\/\/blog.fh-kaernten.at\/klemenjak\/files\/2022\/10\/demokratiepolit22bildung-01-scaled.jpg\"><img fetchpriority=\"high\" decoding=\"async\" class=\"alignnone size-medium wp-image-1030\" src=\"http:\/\/blog.fh-kaernten.at\/klemenjak\/files\/2022\/10\/demokratiepolit22bildung-01-300x200.jpg\" alt=\"\" width=\"300\" height=\"200\" srcset=\"https:\/\/blog.fh-kaernten.at\/klemenjak\/files\/2022\/10\/demokratiepolit22bildung-01-300x200.jpg 300w, https:\/\/blog.fh-kaernten.at\/klemenjak\/files\/2022\/10\/demokratiepolit22bildung-01-1024x683.jpg 1024w, https:\/\/blog.fh-kaernten.at\/klemenjak\/files\/2022\/10\/demokratiepolit22bildung-01-768x512.jpg 768w, https:\/\/blog.fh-kaernten.at\/klemenjak\/files\/2022\/10\/demokratiepolit22bildung-01-1536x1024.jpg 1536w, https:\/\/blog.fh-kaernten.at\/klemenjak\/files\/2022\/10\/demokratiepolit22bildung-01-2048x1365.jpg 2048w\" sizes=\"(max-width: 300px) 100vw, 300px\" \/><\/a><\/p>\n<p>Am Donnerstag, 20. Oktober 2022 fanden zum mittlerweile elften Mal die \u201eK\u00e4rntner Gespr\u00e4che zur demokratiepolitischen Bildung\u201c im Konferenzsaal der AK K\u00e4rnten statt. Die gesamte Tagung wurde wieder online \u00fcbertragen. Dabei handelt es sich um eine Kooperationsveranstaltung der Kammer f\u00fcr Arbeiter und Angestellte f\u00fcr K\u00e4rnten mit dem Verband \u00d6sterreichischer gewerkschaftlicher Bildung, dem Institut f\u00fcr die Geschichte der K\u00e4rntner Arbeiterbewegung, der P\u00e4dagogischen Hochschule K\u00e4rnten \u2013 Viktor Frankl Hochschule, der Universit\u00e4t Klagenfurt, der Bildungsdirektion K\u00e4rnten, den K\u00e4rntner Volkshochschulen, der Landschaft des Wissens \u2013 Wissenschaftsverein K\u00e4rnten und dem Studiengang Soziale Arbeit der Fachhochschule K\u00e4rnten. Das Tagungsthema lautete: \u201e(Ohn-)Macht der Demokratie\u201c.<\/p>\n<p>Nach der Begr\u00fc\u00dfung und Einleitung durch Vertreter der Arbeiterkammer K\u00e4rnten pr\u00e4sentierte Landeshauptmann Peter Kaiser Leitgedanken zum Tagungsthema. Die Teilnehmenden konnten sich an der folgenden Diskussion beteiligen. Danach standen drei Key-Notes mit anschlie\u00dfender Diskussion im Plenum auf dem Programm. Die Online-Teilnehmer*innen konnten sich via Chat an der Tagung beteiligen.<\/p>\n<p>Die Key-Notes und die Referent*innen im \u00dcberblick:<\/p>\n<ul>\n<li>Europ\u00e4ische Autonomie in Zeiten globaler Blockbildung (Nikolaus Kowall \u2013 Makro\u00f6konom an der FH des BFI Wien)<\/li>\n<li>Epistemische Gewalt. Warum wir unser Verst\u00e4ndnis von Demokratie, Wissen und Herrschaft neu denken m\u00fcssen (Claudia Brunner \u2013 Politikwissenschafterin an der Universit\u00e4t Klagenfurt)<\/li>\n<li>Drinnen und Drau\u00dfen, Wir und die Anderen: \u00dcber die Paradoxien der Demokratie (Judith Kohlenberger \u2013 Kulturwissenschafterin an der WU Wien)<\/li>\n<\/ul>\n<p>Es folgten ein Spoken-Word-Beitrag von Ines Strohmaier, einer Spoken-Word-Poetin aus Biel zum Thema \u201e(Ohn-)Macht der Demokratie&#8220; sowie das Abschlussgespr\u00e4ch und ein Fazit.<\/p>\n<p>Moderiert wurden die \u201eK\u00e4rntner Gespr\u00e4che zur demokratiepolitischen Bildung 2022\u201c von Daniel Weidlitsch (AK K\u00e4rnten).<\/p>\n<p>Fotohinweis: C. Wajand<\/p>\n","protected":false},"excerpt":{"rendered":"<p>Am Donnerstag, 20. Oktober 2022 fanden zum mittlerweile elften Mal die \u201eK\u00e4rntner Gespr\u00e4che zur demokratiepolitischen Bildung\u201c im Konferenzsaal der AK K\u00e4rnten statt. Die gesamte Tagung wurde wieder online \u00fcbertragen. Dabei handelt es sich um eine Kooperationsveranstaltung der Kammer f\u00fcr Arbeiter und Angestellte f\u00fcr K\u00e4rnten mit dem Verband \u00d6sterreichischer gewerkschaftlicher Bildung, dem Institut f\u00fcr die Geschichte [&hellip;]<\/p>\n","protected":false},"author":67,"featured_media":1030,"comment_status":"open","ping_status":"open","sticky":false,"template":"","format":"standard","meta":{"inline_featured_image":false,"footnotes":""},"categories":[1],"tags":[],"class_list":["post-1028","post","type-post","status-publish","format-standard","has-post-thumbnail","hentry","category-allgemein"],"_links":{"self":[{"href":"https:\/\/blog.fh-kaernten.at\/klemenjak\/wp-json\/wp\/v2\/posts\/1028","targetHints":{"allow":["GET"]}}],"collection":[{"href":"https:\/\/blog.fh-kaernten.at\/klemenjak\/wp-json\/wp\/v2\/posts"}],"about":[{"href":"https:\/\/blog.fh-kaernten.at\/klemenjak\/wp-json\/wp\/v2\/types\/post"}],"author":[{"embeddable":true,"href":"https:\/\/blog.fh-kaernten.at\/klemenjak\/wp-json\/wp\/v2\/users\/67"}],"replies":[{"embeddable":true,"href":"https:\/\/blog.fh-kaernten.at\/klemenjak\/wp-json\/wp\/v2\/comments?post=1028"}],"version-history":[{"count":0,"href":"https:\/\/blog.fh-kaernten.at\/klemenjak\/wp-json\/wp\/v2\/posts\/1028\/revisions"}],"wp:featuredmedia":[{"embeddable":true,"href":"https:\/\/blog.fh-kaernten.at\/klemenjak\/wp-json\/wp\/v2\/media\/1030"}],"wp:attachment":[{"href":"https:\/\/blog.fh-kaernten.at\/klemenjak\/wp-json\/wp\/v2\/media?parent=1028"}],"wp:term":[{"taxonomy":"category","embeddable":true,"href":"https:\/\/blog.fh-kaernten.at\/klemenjak\/wp-json\/wp\/v2\/categories?post=1028"},{"taxonomy":"post_tag","embeddable":true,"href":"https:\/\/blog.fh-kaernten.at\/klemenjak\/wp-json\/wp\/v2\/tags?post=1028"}],"curies":[{"name":"wp","href":"https:\/\/api.w.org\/{rel}","templated":true}]}}