{"id":811,"date":"2015-06-12T14:20:34","date_gmt":"2015-06-12T13:20:34","guid":{"rendered":"http:\/\/blog.fh-kaernten.at\/ingmarsretro\/?p=811"},"modified":"2019-03-25T15:44:37","modified_gmt":"2019-03-25T14:44:37","slug":"das-sturmglas-die-wettervorhersage","status":"publish","type":"post","link":"https:\/\/blog.fh-kaernten.at\/ingmarsretro\/2015\/06\/12\/das-sturmglas-die-wettervorhersage\/","title":{"rendered":"Das Sturmglas &#8211; die Wettervorhersage"},"content":{"rendered":"<div class=\"pvc_clear\"><\/div>\n<p id=\"pvc_stats_811\" class=\"pvc_stats all  \" data-element-id=\"811\" style=\"\"><i class=\"pvc-stats-icon medium\" aria-hidden=\"true\"><svg aria-hidden=\"true\" focusable=\"false\" data-prefix=\"far\" data-icon=\"chart-bar\" role=\"img\" xmlns=\"http:\/\/www.w3.org\/2000\/svg\" viewBox=\"0 0 512 512\" class=\"svg-inline--fa fa-chart-bar fa-w-16 fa-2x\"><path fill=\"currentColor\" d=\"M396.8 352h22.4c6.4 0 12.8-6.4 12.8-12.8V108.8c0-6.4-6.4-12.8-12.8-12.8h-22.4c-6.4 0-12.8 6.4-12.8 12.8v230.4c0 6.4 6.4 12.8 12.8 12.8zm-192 0h22.4c6.4 0 12.8-6.4 12.8-12.8V140.8c0-6.4-6.4-12.8-12.8-12.8h-22.4c-6.4 0-12.8 6.4-12.8 12.8v198.4c0 6.4 6.4 12.8 12.8 12.8zm96 0h22.4c6.4 0 12.8-6.4 12.8-12.8V204.8c0-6.4-6.4-12.8-12.8-12.8h-22.4c-6.4 0-12.8 6.4-12.8 12.8v134.4c0 6.4 6.4 12.8 12.8 12.8zM496 400H48V80c0-8.84-7.16-16-16-16H16C7.16 64 0 71.16 0 80v336c0 17.67 14.33 32 32 32h464c8.84 0 16-7.16 16-16v-16c0-8.84-7.16-16-16-16zm-387.2-48h22.4c6.4 0 12.8-6.4 12.8-12.8v-70.4c0-6.4-6.4-12.8-12.8-12.8h-22.4c-6.4 0-12.8 6.4-12.8 12.8v70.4c0 6.4 6.4 12.8 12.8 12.8z\" class=\"\"><\/path><\/svg><\/i> <img decoding=\"async\" width=\"16\" height=\"16\" alt=\"Loading\" src=\"https:\/\/blog.fh-kaernten.at\/ingmarsretro\/wp-content\/plugins\/page-views-count\/ajax-loader-2x.gif\" border=0 \/><\/p>\n<div class=\"pvc_clear\"><\/div>\n<p style=\"text-align: justify\">Einige Zeit ist nun schon wieder seit dem letzten Blogeintrag vergangen. Das schiebe ich zum einen auf einiges an Arbeit, sowohl beruflich und auch privat, so dass einwenig die Energie zum Bloggen fehlte. Die letzten Tage ist aber das sch\u00f6ne Wetter schuld. Die Zeit verbrachte ich lieber mit dem Motorradfahren statt hinter dem PC zu sitzen&#8230; Doch eine kleine Spielerei habe ich mir auch wieder geholt.<\/p>\n<div id=\"attachment_809\" style=\"width: 210px\" class=\"wp-caption alignleft\"><a href=\"http:\/\/blog.fh-kaernten.at\/ingmarsretro\/files\/2015\/06\/IMG_3952.jpg\"><img fetchpriority=\"high\" decoding=\"async\" aria-describedby=\"caption-attachment-809\" class=\"wp-image-809 size-medium\" src=\"http:\/\/blog.fh-kaernten.at\/ingmarsretro\/files\/2015\/06\/IMG_3952-200x300.jpg\" alt=\"IMG_3952\" width=\"200\" height=\"300\" srcset=\"https:\/\/blog.fh-kaernten.at\/ingmarsretro\/files\/2015\/06\/IMG_3952-200x300.jpg 200w, https:\/\/blog.fh-kaernten.at\/ingmarsretro\/files\/2015\/06\/IMG_3952-683x1024.jpg 683w\" sizes=\"(max-width: 200px) 100vw, 200px\" \/><\/a><p id=\"caption-attachment-809\" class=\"wp-caption-text\">FritzRoy Sturmglas<\/p><\/div>\n<p style=\"text-align: justify\">Ein Arbeitskollege hat mir davon erz\u00e4hlt und bei einem gro\u00dfen Internetversandhaus wurde ich schnell f\u00fcndig. Es handelt sich dabei um ein sogenanntes <strong><em>FritzRoy-Sturmglas<\/em><\/strong>.<\/p>\n<p style=\"text-align: justify\">Bekannt ist ein Sturmglas schon seit langer Zeit aus der Seefahrt. Dort wurde es zur Vorhersage von Wetter\u00e4nderungen verwendet. Das Sturmglas ist ein mit zwei Fl\u00fcssigkeiten gef\u00fcllter und hermetisch verschlossener Glaszylinder. Die Fl\u00fcssigkeiten sind meist Campher und Alkohol in ges\u00e4ttigter Form, die sich nicht vermischen, sondern kleine Kristalle bilden. Die Bildung dieser Kristalle steht in einem Zusammenhang mit der Wetter\u00e4nderung.<\/p>\n<p style=\"text-align: justify\">Lange Zeit glaubte man, dass die Kristalle auf \u00c4nderung des Luftdrucks reagieren. Neuere Forschungen weisen angeblich darauf hin, dass die Kristalle auf elektromagnetische Felder, sogenannte &#8222;<a href=\"http:\/\/de.wikipedia.org\/wiki\/Sferics\" target=\"_blank\" rel=\"noopener noreferrer\">Sferics<\/a>&#8222;, reagieren. Diese Sferics entstehen vorzugsweise in Tiefdruckgebieten.<\/p>\n<p style=\"text-align: justify\">Also zeigt das Sturmglas das Herannahen eines Tiefdruckgebietes und somit das Schlechtwetter an.<\/p>\n<div id=\"attachment_807\" style=\"width: 210px\" class=\"wp-caption alignright\"><a href=\"http:\/\/blog.fh-kaernten.at\/ingmarsretro\/files\/2015\/06\/IMG_3956.jpg\"><img decoding=\"async\" aria-describedby=\"caption-attachment-807\" class=\"wp-image-807 size-medium\" src=\"http:\/\/blog.fh-kaernten.at\/ingmarsretro\/files\/2015\/06\/IMG_3956-200x300.jpg\" alt=\"IMG_3956\" width=\"200\" height=\"300\" srcset=\"https:\/\/blog.fh-kaernten.at\/ingmarsretro\/files\/2015\/06\/IMG_3956-200x300.jpg 200w, https:\/\/blog.fh-kaernten.at\/ingmarsretro\/files\/2015\/06\/IMG_3956-683x1024.jpg 683w\" sizes=\"(max-width: 200px) 100vw, 200px\" \/><\/a><p id=\"caption-attachment-807\" class=\"wp-caption-text\">Kristalle als Wettervorhersage<\/p><\/div>\n<p style=\"text-align: justify\">Die Tabelle (aus der CarloMilano Bedienungsanleitung) zeigt die unterschiedlichen Kristall-Wetterzusammenh\u00e4nge.<\/p>\n<table style=\"height: 482px\" width=\"489\">\n<tbody>\n<tr>\n<td style=\"text-align: left\">Klare Fl\u00fcssigkeit<\/td>\n<td>Das Wetter wird sonnig und klar<\/td>\n<\/tr>\n<tr>\n<td>Flockige Fl\u00fcssigkeit<\/td>\n<td>Es wird bew\u00f6lkt. Niederschlag ist m\u00f6glich<\/td>\n<\/tr>\n<tr>\n<td>Kleine Fl\u00f6ckchen<\/td>\n<td>Es wird neblig oder feucht<\/td>\n<\/tr>\n<tr>\n<td>Kleine Sternchen<\/td>\n<td>Ein Gewitter steht an<\/td>\n<\/tr>\n<tr>\n<td>Kleine Sternchen an einem sch\u00f6nen Wintertag<\/td>\n<td>Es wird schneien<\/td>\n<\/tr>\n<tr>\n<td>Gro\u00dfe Flocken<\/td>\n<td>Es wird bedeckt. Schnee ist m\u00f6glich<\/td>\n<\/tr>\n<tr>\n<td>Viele Kristalle auf dem Boden<\/td>\n<td>Es gibt Frost<\/td>\n<\/tr>\n<tr>\n<td>Kristalle an der Oberfl\u00e4che<\/td>\n<td>Es wird st\u00fcrmisch<\/td>\n<\/tr>\n<\/tbody>\n<\/table>\n","protected":false},"excerpt":{"rendered":"<div class=\"pvc_clear\"><\/div>\n<p id=\"pvc_stats_811\" class=\"pvc_stats all  \" data-element-id=\"811\" style=\"\"><i class=\"pvc-stats-icon medium\" aria-hidden=\"true\"><svg aria-hidden=\"true\" focusable=\"false\" data-prefix=\"far\" data-icon=\"chart-bar\" role=\"img\" xmlns=\"http:\/\/www.w3.org\/2000\/svg\" viewBox=\"0 0 512 512\" class=\"svg-inline--fa fa-chart-bar fa-w-16 fa-2x\"><path fill=\"currentColor\" d=\"M396.8 352h22.4c6.4 0 12.8-6.4 12.8-12.8V108.8c0-6.4-6.4-12.8-12.8-12.8h-22.4c-6.4 0-12.8 6.4-12.8 12.8v230.4c0 6.4 6.4 12.8 12.8 12.8zm-192 0h22.4c6.4 0 12.8-6.4 12.8-12.8V140.8c0-6.4-6.4-12.8-12.8-12.8h-22.4c-6.4 0-12.8 6.4-12.8 12.8v198.4c0 6.4 6.4 12.8 12.8 12.8zm96 0h22.4c6.4 0 12.8-6.4 12.8-12.8V204.8c0-6.4-6.4-12.8-12.8-12.8h-22.4c-6.4 0-12.8 6.4-12.8 12.8v134.4c0 6.4 6.4 12.8 12.8 12.8zM496 400H48V80c0-8.84-7.16-16-16-16H16C7.16 64 0 71.16 0 80v336c0 17.67 14.33 32 32 32h464c8.84 0 16-7.16 16-16v-16c0-8.84-7.16-16-16-16zm-387.2-48h22.4c6.4 0 12.8-6.4 12.8-12.8v-70.4c0-6.4-6.4-12.8-12.8-12.8h-22.4c-6.4 0-12.8 6.4-12.8 12.8v70.4c0 6.4 6.4 12.8 12.8 12.8z\" class=\"\"><\/path><\/svg><\/i> <img decoding=\"async\" width=\"16\" height=\"16\" alt=\"Loading\" src=\"https:\/\/blog.fh-kaernten.at\/ingmarsretro\/wp-content\/plugins\/page-views-count\/ajax-loader-2x.gif\" border=0 \/><\/p>\n<div class=\"pvc_clear\"><\/div>\n<p>Einige Zeit ist nun schon wieder seit dem letzten Blogeintrag vergangen. Das schiebe ich zum einen auf einiges an Arbeit, sowohl beruflich und auch privat, so dass einwenig die Energie zum Bloggen fehlte. Die letzten Tage ist aber das sch\u00f6ne Wetter schuld. Die Zeit verbrachte ich lieber mit dem Motorradfahren statt hinter dem PC zu&hellip; <br \/> <a class=\"read-more\" href=\"https:\/\/blog.fh-kaernten.at\/ingmarsretro\/2015\/06\/12\/das-sturmglas-die-wettervorhersage\/\">Weiterlesen<\/a><\/p>\n","protected":false},"author":86,"featured_media":0,"comment_status":"open","ping_status":"open","sticky":false,"template":"","format":"standard","meta":{"inline_featured_image":false,"ngg_post_thumbnail":0,"footnotes":""},"categories":[1],"tags":[268,271,267,272,274,266,273,270,269],"class_list":["post-811","post","type-post","status-publish","format-standard","hentry","category-allgemeines","tag-barometer","tag-carlo-milano","tag-fritzroy","tag-pearl-sturmglas","tag-sferics","tag-sturmglas","tag-uebersaettigte-fluessigkeit","tag-wetter-sturmglas","tag-wettervorhersage"],"a3_pvc":{"activated":true,"total_views":160,"today_views":0},"_links":{"self":[{"href":"https:\/\/blog.fh-kaernten.at\/ingmarsretro\/wp-json\/wp\/v2\/posts\/811","targetHints":{"allow":["GET"]}}],"collection":[{"href":"https:\/\/blog.fh-kaernten.at\/ingmarsretro\/wp-json\/wp\/v2\/posts"}],"about":[{"href":"https:\/\/blog.fh-kaernten.at\/ingmarsretro\/wp-json\/wp\/v2\/types\/post"}],"author":[{"embeddable":true,"href":"https:\/\/blog.fh-kaernten.at\/ingmarsretro\/wp-json\/wp\/v2\/users\/86"}],"replies":[{"embeddable":true,"href":"https:\/\/blog.fh-kaernten.at\/ingmarsretro\/wp-json\/wp\/v2\/comments?post=811"}],"version-history":[{"count":0,"href":"https:\/\/blog.fh-kaernten.at\/ingmarsretro\/wp-json\/wp\/v2\/posts\/811\/revisions"}],"wp:attachment":[{"href":"https:\/\/blog.fh-kaernten.at\/ingmarsretro\/wp-json\/wp\/v2\/media?parent=811"}],"wp:term":[{"taxonomy":"category","embeddable":true,"href":"https:\/\/blog.fh-kaernten.at\/ingmarsretro\/wp-json\/wp\/v2\/categories?post=811"},{"taxonomy":"post_tag","embeddable":true,"href":"https:\/\/blog.fh-kaernten.at\/ingmarsretro\/wp-json\/wp\/v2\/tags?post=811"}],"curies":[{"name":"wp","href":"https:\/\/api.w.org\/{rel}","templated":true}]}}