{"id":618,"date":"2015-04-02T18:00:08","date_gmt":"2015-04-02T17:00:08","guid":{"rendered":"http:\/\/blog.fh-kaernten.at\/ingmarsretro\/?p=618"},"modified":"2016-01-29T15:29:01","modified_gmt":"2016-01-29T14:29:01","slug":"steckdosenverteiler-frueher","status":"publish","type":"post","link":"https:\/\/blog.fh-kaernten.at\/ingmarsretro\/2015\/04\/02\/steckdosenverteiler-frueher\/","title":{"rendered":"Steckdosenverteiler fr\u00fcher&#8230;"},"content":{"rendered":"<div class=\"pvc_clear\"><\/div>\n<p id=\"pvc_stats_618\" class=\"pvc_stats all  \" data-element-id=\"618\" style=\"\"><i class=\"pvc-stats-icon medium\" aria-hidden=\"true\"><svg aria-hidden=\"true\" focusable=\"false\" data-prefix=\"far\" data-icon=\"chart-bar\" role=\"img\" xmlns=\"http:\/\/www.w3.org\/2000\/svg\" viewBox=\"0 0 512 512\" class=\"svg-inline--fa fa-chart-bar fa-w-16 fa-2x\"><path fill=\"currentColor\" d=\"M396.8 352h22.4c6.4 0 12.8-6.4 12.8-12.8V108.8c0-6.4-6.4-12.8-12.8-12.8h-22.4c-6.4 0-12.8 6.4-12.8 12.8v230.4c0 6.4 6.4 12.8 12.8 12.8zm-192 0h22.4c6.4 0 12.8-6.4 12.8-12.8V140.8c0-6.4-6.4-12.8-12.8-12.8h-22.4c-6.4 0-12.8 6.4-12.8 12.8v198.4c0 6.4 6.4 12.8 12.8 12.8zm96 0h22.4c6.4 0 12.8-6.4 12.8-12.8V204.8c0-6.4-6.4-12.8-12.8-12.8h-22.4c-6.4 0-12.8 6.4-12.8 12.8v134.4c0 6.4 6.4 12.8 12.8 12.8zM496 400H48V80c0-8.84-7.16-16-16-16H16C7.16 64 0 71.16 0 80v336c0 17.67 14.33 32 32 32h464c8.84 0 16-7.16 16-16v-16c0-8.84-7.16-16-16-16zm-387.2-48h22.4c6.4 0 12.8-6.4 12.8-12.8v-70.4c0-6.4-6.4-12.8-12.8-12.8h-22.4c-6.4 0-12.8 6.4-12.8 12.8v70.4c0 6.4 6.4 12.8 12.8 12.8z\" class=\"\"><\/path><\/svg><\/i> <img decoding=\"async\" width=\"16\" height=\"16\" alt=\"Loading\" src=\"https:\/\/blog.fh-kaernten.at\/ingmarsretro\/wp-content\/plugins\/page-views-count\/ajax-loader-2x.gif\" border=0 \/><\/p>\n<div class=\"pvc_clear\"><\/div>\n<div id=\"attachment_611\" style=\"width: 310px\" class=\"wp-caption alignleft\"><a href=\"http:\/\/blog.fh-kaernten.at\/ingmarsretro\/files\/2015\/04\/IMAG1515.jpg\"><img fetchpriority=\"high\" decoding=\"async\" aria-describedby=\"caption-attachment-611\" class=\"wp-image-611 size-medium\" src=\"http:\/\/blog.fh-kaernten.at\/ingmarsretro\/files\/2015\/04\/IMAG1515-300x170.jpg\" alt=\"IMAG1515\" width=\"300\" height=\"170\" srcset=\"https:\/\/blog.fh-kaernten.at\/ingmarsretro\/files\/2015\/04\/IMAG1515-300x170.jpg 300w, https:\/\/blog.fh-kaernten.at\/ingmarsretro\/files\/2015\/04\/IMAG1515-1024x579.jpg 1024w\" sizes=\"(max-width: 300px) 100vw, 300px\" \/><\/a><p id=\"caption-attachment-611\" class=\"wp-caption-text\">Steckerverteiler von damals<\/p><\/div>\n<p>Die folgenden Bilder zeigen Stecker bzw. Steckdosenverteiler, wie sie in den sechziger und siebziger Jahren \u00fcberall verwendet wurden. Heute ist diese Netzspannungsverbindungstechnik nicht mehr zugelassen, da hier generell der PE-Leiteranschluss (Erdungs- oder auch Schutzleiteranschluss) fehlt. Da hier auch au\u00dfer dem <strong>Eurostecker (CEE 7\/16)<\/strong> f\u00fcr schutzisolierte Ger\u00e4te auch\u00a0 der\u00a0 <strong>Schuko-Stecker (CEE7\/4)<\/strong> bzw. <strong>(CEE7\/7)<\/strong> eingesteckt werden kann, jedoch der Schutzleiter durch die fehlende Verbindung zur Systemerde wirkungslos ist, d\u00fcrfen diese Verbinder nicht verwendet werden.\u00a0 Im Fehlerfall des angeschlossenen Ger\u00e4tes w\u00fcrde der Fehlerstrom beim Ber\u00fchren durch die Person abflie\u00dfen. Und der FI (Fehlerstromschutzschalter) erst ausl\u00f6sen, wenn diese Person durch die 30mA durch seinen K\u00f6rper &#8222;aufgeweckt&#8220; wurde :).<\/p>\n<p>Ausserdem ist es bei einigen Modellen sogar m\u00f6glich, mit den Fingern direkt die spannungsf\u00fchrenden Kontakte zu ber\u00fchren.<\/p>\n<p>&nbsp;<\/p>\n<p><a href=\"http:\/\/blog.fh-kaernten.at\/ingmarsretro\/files\/2015\/04\/IMAG1520.jpg\"><img decoding=\"async\" class=\"alignnone size-thumbnail wp-image-616\" src=\"http:\/\/blog.fh-kaernten.at\/ingmarsretro\/files\/2015\/04\/IMAG1520-150x150.jpg\" alt=\"IMAG1520\" width=\"150\" height=\"150\" \/><\/a> <a href=\"http:\/\/blog.fh-kaernten.at\/ingmarsretro\/files\/2015\/04\/IMAG1519.jpg\"><img loading=\"lazy\" decoding=\"async\" class=\"alignnone size-thumbnail wp-image-615\" src=\"http:\/\/blog.fh-kaernten.at\/ingmarsretro\/files\/2015\/04\/IMAG1519-150x150.jpg\" alt=\"IMAG1519\" width=\"150\" height=\"150\" \/><\/a> <a href=\"http:\/\/blog.fh-kaernten.at\/ingmarsretro\/files\/2015\/04\/IMAG1517.jpg\"><img loading=\"lazy\" decoding=\"async\" class=\"alignnone size-thumbnail wp-image-613\" src=\"http:\/\/blog.fh-kaernten.at\/ingmarsretro\/files\/2015\/04\/IMAG1517-150x150.jpg\" alt=\"IMAG1517\" width=\"150\" height=\"150\" \/><\/a> <a href=\"http:\/\/blog.fh-kaernten.at\/ingmarsretro\/files\/2015\/04\/IMAG1518.jpg\"><img loading=\"lazy\" decoding=\"async\" class=\"alignnone size-thumbnail wp-image-614\" src=\"http:\/\/blog.fh-kaernten.at\/ingmarsretro\/files\/2015\/04\/IMAG1518-150x150.jpg\" alt=\"IMAG1518\" width=\"150\" height=\"150\" \/><\/a> <a href=\"http:\/\/blog.fh-kaernten.at\/ingmarsretro\/files\/2015\/04\/IMAG1516.jpg\"><img loading=\"lazy\" decoding=\"async\" class=\"alignnone size-thumbnail wp-image-612\" src=\"http:\/\/blog.fh-kaernten.at\/ingmarsretro\/files\/2015\/04\/IMAG1516-150x150.jpg\" alt=\"IMAG1516\" width=\"150\" height=\"150\" \/><\/a><\/p>\n","protected":false},"excerpt":{"rendered":"<div class=\"pvc_clear\"><\/div>\n<p id=\"pvc_stats_618\" class=\"pvc_stats all  \" data-element-id=\"618\" style=\"\"><i class=\"pvc-stats-icon medium\" aria-hidden=\"true\"><svg aria-hidden=\"true\" focusable=\"false\" data-prefix=\"far\" data-icon=\"chart-bar\" role=\"img\" xmlns=\"http:\/\/www.w3.org\/2000\/svg\" viewBox=\"0 0 512 512\" class=\"svg-inline--fa fa-chart-bar fa-w-16 fa-2x\"><path fill=\"currentColor\" d=\"M396.8 352h22.4c6.4 0 12.8-6.4 12.8-12.8V108.8c0-6.4-6.4-12.8-12.8-12.8h-22.4c-6.4 0-12.8 6.4-12.8 12.8v230.4c0 6.4 6.4 12.8 12.8 12.8zm-192 0h22.4c6.4 0 12.8-6.4 12.8-12.8V140.8c0-6.4-6.4-12.8-12.8-12.8h-22.4c-6.4 0-12.8 6.4-12.8 12.8v198.4c0 6.4 6.4 12.8 12.8 12.8zm96 0h22.4c6.4 0 12.8-6.4 12.8-12.8V204.8c0-6.4-6.4-12.8-12.8-12.8h-22.4c-6.4 0-12.8 6.4-12.8 12.8v134.4c0 6.4 6.4 12.8 12.8 12.8zM496 400H48V80c0-8.84-7.16-16-16-16H16C7.16 64 0 71.16 0 80v336c0 17.67 14.33 32 32 32h464c8.84 0 16-7.16 16-16v-16c0-8.84-7.16-16-16-16zm-387.2-48h22.4c6.4 0 12.8-6.4 12.8-12.8v-70.4c0-6.4-6.4-12.8-12.8-12.8h-22.4c-6.4 0-12.8 6.4-12.8 12.8v70.4c0 6.4 6.4 12.8 12.8 12.8z\" class=\"\"><\/path><\/svg><\/i> <img decoding=\"async\" width=\"16\" height=\"16\" alt=\"Loading\" src=\"https:\/\/blog.fh-kaernten.at\/ingmarsretro\/wp-content\/plugins\/page-views-count\/ajax-loader-2x.gif\" border=0 \/><\/p>\n<div class=\"pvc_clear\"><\/div>\n<p>Die folgenden Bilder zeigen Stecker bzw. Steckdosenverteiler, wie sie in den sechziger und siebziger Jahren \u00fcberall verwendet wurden. Heute ist diese Netzspannungsverbindungstechnik nicht mehr zugelassen, da hier generell der PE-Leiteranschluss (Erdungs- oder auch Schutzleiteranschluss) fehlt. Da hier auch au\u00dfer dem Eurostecker (CEE 7\/16) f\u00fcr schutzisolierte Ger\u00e4te auch\u00a0 der\u00a0 Schuko-Stecker (CEE7\/4) bzw. (CEE7\/7) eingesteckt werden kann,&hellip; <br \/> <a class=\"read-more\" href=\"https:\/\/blog.fh-kaernten.at\/ingmarsretro\/2015\/04\/02\/steckdosenverteiler-frueher\/\">Weiterlesen<\/a><\/p>\n","protected":false},"author":86,"featured_media":0,"comment_status":"open","ping_status":"open","sticky":false,"template":"","format":"standard","meta":{"inline_featured_image":false,"ngg_post_thumbnail":0,"footnotes":""},"categories":[92],"tags":[203,204,201,200,202,199],"class_list":["post-618","post","type-post","status-publish","format-standard","hentry","category-nostalgie-technik","tag-pe","tag-pe-lose-dosen","tag-rauberstecker","tag-steckdosenverteiler","tag-stecker-ohne-schutzleiter","tag-steckervertreiler"],"a3_pvc":{"activated":true,"total_views":148,"today_views":0},"_links":{"self":[{"href":"https:\/\/blog.fh-kaernten.at\/ingmarsretro\/wp-json\/wp\/v2\/posts\/618","targetHints":{"allow":["GET"]}}],"collection":[{"href":"https:\/\/blog.fh-kaernten.at\/ingmarsretro\/wp-json\/wp\/v2\/posts"}],"about":[{"href":"https:\/\/blog.fh-kaernten.at\/ingmarsretro\/wp-json\/wp\/v2\/types\/post"}],"author":[{"embeddable":true,"href":"https:\/\/blog.fh-kaernten.at\/ingmarsretro\/wp-json\/wp\/v2\/users\/86"}],"replies":[{"embeddable":true,"href":"https:\/\/blog.fh-kaernten.at\/ingmarsretro\/wp-json\/wp\/v2\/comments?post=618"}],"version-history":[{"count":0,"href":"https:\/\/blog.fh-kaernten.at\/ingmarsretro\/wp-json\/wp\/v2\/posts\/618\/revisions"}],"wp:attachment":[{"href":"https:\/\/blog.fh-kaernten.at\/ingmarsretro\/wp-json\/wp\/v2\/media?parent=618"}],"wp:term":[{"taxonomy":"category","embeddable":true,"href":"https:\/\/blog.fh-kaernten.at\/ingmarsretro\/wp-json\/wp\/v2\/categories?post=618"},{"taxonomy":"post_tag","embeddable":true,"href":"https:\/\/blog.fh-kaernten.at\/ingmarsretro\/wp-json\/wp\/v2\/tags?post=618"}],"curies":[{"name":"wp","href":"https:\/\/api.w.org\/{rel}","templated":true}]}}