{"id":484,"date":"2015-03-06T08:36:59","date_gmt":"2015-03-06T07:36:59","guid":{"rendered":"http:\/\/blog.fh-kaernten.at\/ingmarsretro\/?p=484"},"modified":"2019-04-26T10:55:56","modified_gmt":"2019-04-26T09:55:56","slug":"minerva-tempocord","status":"publish","type":"post","link":"https:\/\/blog.fh-kaernten.at\/ingmarsretro\/2015\/03\/06\/minerva-tempocord\/","title":{"rendered":"Minerva Tempocord"},"content":{"rendered":"<div class=\"pvc_clear\"><\/div>\n<p id=\"pvc_stats_484\" class=\"pvc_stats all  \" data-element-id=\"484\" style=\"\"><i class=\"pvc-stats-icon medium\" aria-hidden=\"true\"><svg aria-hidden=\"true\" focusable=\"false\" data-prefix=\"far\" data-icon=\"chart-bar\" role=\"img\" xmlns=\"http:\/\/www.w3.org\/2000\/svg\" viewBox=\"0 0 512 512\" class=\"svg-inline--fa fa-chart-bar fa-w-16 fa-2x\"><path fill=\"currentColor\" d=\"M396.8 352h22.4c6.4 0 12.8-6.4 12.8-12.8V108.8c0-6.4-6.4-12.8-12.8-12.8h-22.4c-6.4 0-12.8 6.4-12.8 12.8v230.4c0 6.4 6.4 12.8 12.8 12.8zm-192 0h22.4c6.4 0 12.8-6.4 12.8-12.8V140.8c0-6.4-6.4-12.8-12.8-12.8h-22.4c-6.4 0-12.8 6.4-12.8 12.8v198.4c0 6.4 6.4 12.8 12.8 12.8zm96 0h22.4c6.4 0 12.8-6.4 12.8-12.8V204.8c0-6.4-6.4-12.8-12.8-12.8h-22.4c-6.4 0-12.8 6.4-12.8 12.8v134.4c0 6.4 6.4 12.8 12.8 12.8zM496 400H48V80c0-8.84-7.16-16-16-16H16C7.16 64 0 71.16 0 80v336c0 17.67 14.33 32 32 32h464c8.84 0 16-7.16 16-16v-16c0-8.84-7.16-16-16-16zm-387.2-48h22.4c6.4 0 12.8-6.4 12.8-12.8v-70.4c0-6.4-6.4-12.8-12.8-12.8h-22.4c-6.4 0-12.8 6.4-12.8 12.8v70.4c0 6.4 6.4 12.8 12.8 12.8z\" class=\"\"><\/path><\/svg><\/i> <img decoding=\"async\" width=\"16\" height=\"16\" alt=\"Loading\" src=\"https:\/\/blog.fh-kaernten.at\/ingmarsretro\/wp-content\/plugins\/page-views-count\/ajax-loader-2x.gif\" border=0 \/><\/p>\n<div class=\"pvc_clear\"><\/div>\n<div id=\"attachment_481\" style=\"width: 310px\" class=\"wp-caption alignleft\"><a href=\"http:\/\/blog.fh-kaernten.at\/ingmarsretro\/files\/2015\/03\/IMAG0039.jpg\"><img fetchpriority=\"high\" decoding=\"async\" aria-describedby=\"caption-attachment-481\" class=\"wp-image-481 size-medium\" src=\"http:\/\/blog.fh-kaernten.at\/ingmarsretro\/files\/2015\/03\/IMAG0039-300x170.jpg\" alt=\"IMAG0039\" width=\"300\" height=\"170\" srcset=\"https:\/\/blog.fh-kaernten.at\/ingmarsretro\/files\/2015\/03\/IMAG0039-300x170.jpg 300w, https:\/\/blog.fh-kaernten.at\/ingmarsretro\/files\/2015\/03\/IMAG0039-1024x579.jpg 1024w\" sizes=\"(max-width: 300px) 100vw, 300px\" \/><\/a><p id=\"caption-attachment-481\" class=\"wp-caption-text\">Minerva Tempocord<\/p><\/div>\n<p style=\"text-align: justify\">Ein Mehrband- Radioempf\u00e4nger aus dem Jahr 1957 ist der Tempocord von der Firma Minerva. Die Firma Minerva wurde 1919 in Wien gegr\u00fcndet und begann 1924 mit der Produktion von Radioempf\u00e4ngern. Die Radios wurden zu Anfang noch unter dem Namen Radiola bzw. Aeriola hergestellt. Erst ab 1926 werden die Empf\u00e4nger unter dem Namen Minerva gebaut. Der Name Minerva wurde bis ins Jahr 1972 verwendet.<\/p>\n<div style=\"text-align: justify\">Das Ger\u00e4t hier verweigert nach dem Versorgen mit der Netzspannung\u00a0 jeglichen Dienst. Somit ist ein erster Fehler schnell gefunden. Die Netzspannung erreicht den Transformator nicht. Die Ursache hierf\u00fcr sind die Netzsicherungen, die den Trafo allpolig absichern. Hier sind beide defekt. Wohl auch deshalb weil der Trafoabgriff auf 220V geklemmt war&#8230;<br \/>\nGleichrichtung und Gl\u00e4ttungskondensatoren sind in Ordnung.<\/div>\n<div><\/div>\n<div>\n<div id=\"attachment_480\" style=\"width: 310px\" class=\"wp-caption alignright\"><a href=\"http:\/\/blog.fh-kaernten.at\/ingmarsretro\/files\/2015\/03\/IMAG0038.jpg\"><img decoding=\"async\" aria-describedby=\"caption-attachment-480\" class=\"wp-image-480 size-medium\" src=\"http:\/\/blog.fh-kaernten.at\/ingmarsretro\/files\/2015\/03\/IMAG0038-300x170.jpg\" alt=\"IMAG0038\" width=\"300\" height=\"170\" srcset=\"https:\/\/blog.fh-kaernten.at\/ingmarsretro\/files\/2015\/03\/IMAG0038-300x170.jpg 300w, https:\/\/blog.fh-kaernten.at\/ingmarsretro\/files\/2015\/03\/IMAG0038-1024x579.jpg 1024w\" sizes=\"(max-width: 300px) 100vw, 300px\" \/><\/a><p id=\"caption-attachment-480\" class=\"wp-caption-text\">Innenleben der Papiersicherung<\/p><\/div>\n<div id=\"attachment_479\" style=\"width: 310px\" class=\"wp-caption alignright\"><a href=\"http:\/\/blog.fh-kaernten.at\/ingmarsretro\/files\/2015\/03\/IMAG0037.jpg\"><img loading=\"lazy\" decoding=\"async\" aria-describedby=\"caption-attachment-479\" class=\"wp-image-479 size-medium\" src=\"http:\/\/blog.fh-kaernten.at\/ingmarsretro\/files\/2015\/03\/IMAG0037-300x170.jpg\" alt=\"IMAG0037\" width=\"300\" height=\"170\" srcset=\"https:\/\/blog.fh-kaernten.at\/ingmarsretro\/files\/2015\/03\/IMAG0037-300x170.jpg 300w, https:\/\/blog.fh-kaernten.at\/ingmarsretro\/files\/2015\/03\/IMAG0037-1024x579.jpg 1024w\" sizes=\"(max-width: 300px) 100vw, 300px\" \/><\/a><p id=\"caption-attachment-479\" class=\"wp-caption-text\">Papiersicherung<\/p><\/div>\n<\/div>\n<div style=\"text-align: justify\">Bei den Sicherungen handelt es sich allerdings um in Papier eingewickelte Sicherungsdr\u00e4hte, die an den Enden jeweils mit einer Messingklammer umwickelt sind. Mangels Verf\u00fcgbarkeit dieser alten Sicherungen wurden die, auf dem Trafoprint befindlichen Sicherungshalter gegen aktuelle getauscht und wieder eingesichert. Nach dem vorsichtigen Hochfahren der Versorgungsspannung waren dem Empf\u00e4nger wieder T\u00f6ne zu entlocken&#8230;<\/div>\n<p><strong><span style=\"text-decoration: underline\">Zu den technischen Daten:<\/span><\/strong><\/p>\n<div><em>\u00a0<\/em><\/div>\n<ul>\n<li>\n<div>Hersteller \/ Marke: Minerva-Radio Wien<\/div>\n<\/li>\n<li>\n<div>Modell:\u00a0 Tempocord<\/div>\n<\/li>\n<li>\n<div>Baujahr: 1960<\/div>\n<\/li>\n<li>\n<div>Typ: Rundfunkempf\u00e4nger (Nachkriegsempf\u00e4nger)<\/div>\n<\/li>\n<li>\n<div>R\u00f6hrenbest\u00fcckung: ECC85 ECH81 EF89 EBF89 EM81 EABC80 EL84 EZ80<\/div>\n<\/li>\n<li>\n<div>Funktionsprinzip\/Aufbau:\u00a0Superhet Empf\u00e4nger ZF\/IF 480\/10700 kHz<\/div>\n<\/li>\n<li>\n<div>mit zwei NF-Stufen. 11 FM Kreise und 6 AM Kreise<\/div>\n<\/li>\n<li>\n<div>Wellenbereiche: Langwelle, Mittelwelle, Kurzwelle und Ultrakurzwelle<\/div>\n<\/li>\n<li>\n<div>Versorgungsspannung: 110V, 130V, 150V, 220V, \u00a0240Volt<\/div>\n<\/li>\n<li>\n<div>Lautsprecher: Dynamischer Permanentmagnet-Ovallautsprecher<\/div>\n<\/li>\n<li>\n<div>Holzgeh\u00e4use mit den\u00a0Abmessungen: (BxHxT)55 x 32 x 25 cm<\/div>\n<\/li>\n<\/ul>\n<p><em>(QUELLEN: wikipedia)<\/em><\/p>\n<p><a href=\"http:\/\/blog.fh-kaernten.at\/ingmarsretro\/files\/2015\/03\/IMAG0040.jpg\"><img loading=\"lazy\" decoding=\"async\" class=\"alignnone size-medium wp-image-482\" src=\"http:\/\/blog.fh-kaernten.at\/ingmarsretro\/files\/2015\/03\/IMAG0040-300x170.jpg\" alt=\"IMAG0040\" width=\"300\" height=\"170\" srcset=\"https:\/\/blog.fh-kaernten.at\/ingmarsretro\/files\/2015\/03\/IMAG0040-300x170.jpg 300w, https:\/\/blog.fh-kaernten.at\/ingmarsretro\/files\/2015\/03\/IMAG0040-1024x579.jpg 1024w\" sizes=\"(max-width: 300px) 100vw, 300px\" \/><\/a> <a href=\"http:\/\/blog.fh-kaernten.at\/ingmarsretro\/files\/2015\/03\/IMAG0041.jpg\"><img loading=\"lazy\" decoding=\"async\" class=\"alignnone size-medium wp-image-483\" src=\"http:\/\/blog.fh-kaernten.at\/ingmarsretro\/files\/2015\/03\/IMAG0041-300x170.jpg\" alt=\"IMAG0041\" width=\"300\" height=\"170\" srcset=\"https:\/\/blog.fh-kaernten.at\/ingmarsretro\/files\/2015\/03\/IMAG0041-300x170.jpg 300w, https:\/\/blog.fh-kaernten.at\/ingmarsretro\/files\/2015\/03\/IMAG0041-1024x579.jpg 1024w\" sizes=\"(max-width: 300px) 100vw, 300px\" \/><\/a><\/p>\n<div class='embed-container'><iframe title=\"Minerva Tempocord\" width=\"1920\" height=\"1080\" src=\"about:blank\" frameborder=\"0\" allow=\"accelerometer; autoplay; clipboard-write; encrypted-media; gyroscope; picture-in-picture; web-share\" referrerpolicy=\"strict-origin-when-cross-origin\" allowfullscreen=\"\" class=\"lazyload\" data-src=\"https:\/\/www.youtube.com\/embed\/ngyHrAdNIlc?feature=oembed\"><\/iframe><\/div>\n<p><em>(das Ger\u00e4t wurde zu Dokumentationszwecken zur Verf\u00fcgung gestellt von:\u00a0 Berti)<\/em><\/p>\n","protected":false},"excerpt":{"rendered":"<div class=\"pvc_clear\"><\/div>\n<p id=\"pvc_stats_484\" class=\"pvc_stats all  \" data-element-id=\"484\" style=\"\"><i class=\"pvc-stats-icon medium\" aria-hidden=\"true\"><svg aria-hidden=\"true\" focusable=\"false\" data-prefix=\"far\" data-icon=\"chart-bar\" role=\"img\" xmlns=\"http:\/\/www.w3.org\/2000\/svg\" viewBox=\"0 0 512 512\" class=\"svg-inline--fa fa-chart-bar fa-w-16 fa-2x\"><path fill=\"currentColor\" d=\"M396.8 352h22.4c6.4 0 12.8-6.4 12.8-12.8V108.8c0-6.4-6.4-12.8-12.8-12.8h-22.4c-6.4 0-12.8 6.4-12.8 12.8v230.4c0 6.4 6.4 12.8 12.8 12.8zm-192 0h22.4c6.4 0 12.8-6.4 12.8-12.8V140.8c0-6.4-6.4-12.8-12.8-12.8h-22.4c-6.4 0-12.8 6.4-12.8 12.8v198.4c0 6.4 6.4 12.8 12.8 12.8zm96 0h22.4c6.4 0 12.8-6.4 12.8-12.8V204.8c0-6.4-6.4-12.8-12.8-12.8h-22.4c-6.4 0-12.8 6.4-12.8 12.8v134.4c0 6.4 6.4 12.8 12.8 12.8zM496 400H48V80c0-8.84-7.16-16-16-16H16C7.16 64 0 71.16 0 80v336c0 17.67 14.33 32 32 32h464c8.84 0 16-7.16 16-16v-16c0-8.84-7.16-16-16-16zm-387.2-48h22.4c6.4 0 12.8-6.4 12.8-12.8v-70.4c0-6.4-6.4-12.8-12.8-12.8h-22.4c-6.4 0-12.8 6.4-12.8 12.8v70.4c0 6.4 6.4 12.8 12.8 12.8z\" class=\"\"><\/path><\/svg><\/i> <img decoding=\"async\" width=\"16\" height=\"16\" alt=\"Loading\" src=\"https:\/\/blog.fh-kaernten.at\/ingmarsretro\/wp-content\/plugins\/page-views-count\/ajax-loader-2x.gif\" border=0 \/><\/p>\n<div class=\"pvc_clear\"><\/div>\n<p>Ein Mehrband- Radioempf\u00e4nger aus dem Jahr 1957 ist der Tempocord von der Firma Minerva. Die Firma Minerva wurde 1919 in Wien gegr\u00fcndet und begann 1924 mit der Produktion von Radioempf\u00e4ngern. Die Radios wurden zu Anfang noch unter dem Namen Radiola bzw. Aeriola hergestellt. Erst ab 1926 werden die Empf\u00e4nger unter dem Namen Minerva gebaut. Der&hellip; <br \/> <a class=\"read-more\" href=\"https:\/\/blog.fh-kaernten.at\/ingmarsretro\/2015\/03\/06\/minerva-tempocord\/\">Weiterlesen<\/a><\/p>\n","protected":false},"author":86,"featured_media":0,"comment_status":"open","ping_status":"open","sticky":false,"template":"","format":"standard","meta":{"inline_featured_image":false,"ngg_post_thumbnail":0,"footnotes":""},"categories":[92],"tags":[185,186,187,188],"class_list":["post-484","post","type-post","status-publish","format-standard","hentry","category-nostalgie-technik","tag-minerva","tag-minerva-radio","tag-minerva-tempocord","tag-tempocord"],"a3_pvc":{"activated":true,"total_views":424,"today_views":2},"_links":{"self":[{"href":"https:\/\/blog.fh-kaernten.at\/ingmarsretro\/wp-json\/wp\/v2\/posts\/484","targetHints":{"allow":["GET"]}}],"collection":[{"href":"https:\/\/blog.fh-kaernten.at\/ingmarsretro\/wp-json\/wp\/v2\/posts"}],"about":[{"href":"https:\/\/blog.fh-kaernten.at\/ingmarsretro\/wp-json\/wp\/v2\/types\/post"}],"author":[{"embeddable":true,"href":"https:\/\/blog.fh-kaernten.at\/ingmarsretro\/wp-json\/wp\/v2\/users\/86"}],"replies":[{"embeddable":true,"href":"https:\/\/blog.fh-kaernten.at\/ingmarsretro\/wp-json\/wp\/v2\/comments?post=484"}],"version-history":[{"count":0,"href":"https:\/\/blog.fh-kaernten.at\/ingmarsretro\/wp-json\/wp\/v2\/posts\/484\/revisions"}],"wp:attachment":[{"href":"https:\/\/blog.fh-kaernten.at\/ingmarsretro\/wp-json\/wp\/v2\/media?parent=484"}],"wp:term":[{"taxonomy":"category","embeddable":true,"href":"https:\/\/blog.fh-kaernten.at\/ingmarsretro\/wp-json\/wp\/v2\/categories?post=484"},{"taxonomy":"post_tag","embeddable":true,"href":"https:\/\/blog.fh-kaernten.at\/ingmarsretro\/wp-json\/wp\/v2\/tags?post=484"}],"curies":[{"name":"wp","href":"https:\/\/api.w.org\/{rel}","templated":true}]}}