{"id":4705,"date":"2020-01-02T14:06:29","date_gmt":"2020-01-02T13:06:29","guid":{"rendered":"http:\/\/blog.fh-kaernten.at\/ingmarsretro\/?p=4705"},"modified":"2021-02-23T10:24:02","modified_gmt":"2021-02-23T09:24:02","slug":"vw-audi-handyadapter-usb-buchse-umbau","status":"publish","type":"post","link":"https:\/\/blog.fh-kaernten.at\/ingmarsretro\/2020\/01\/02\/vw-audi-handyadapter-usb-buchse-umbau\/","title":{"rendered":"VW-Audi Handyadapter USB Buchse Umbau"},"content":{"rendered":"<div class=\"pvc_clear\"><\/div>\n<p id=\"pvc_stats_4705\" class=\"pvc_stats all  \" data-element-id=\"4705\" style=\"\"><i class=\"pvc-stats-icon medium\" aria-hidden=\"true\"><svg aria-hidden=\"true\" focusable=\"false\" data-prefix=\"far\" data-icon=\"chart-bar\" role=\"img\" xmlns=\"http:\/\/www.w3.org\/2000\/svg\" viewBox=\"0 0 512 512\" class=\"svg-inline--fa fa-chart-bar fa-w-16 fa-2x\"><path fill=\"currentColor\" d=\"M396.8 352h22.4c6.4 0 12.8-6.4 12.8-12.8V108.8c0-6.4-6.4-12.8-12.8-12.8h-22.4c-6.4 0-12.8 6.4-12.8 12.8v230.4c0 6.4 6.4 12.8 12.8 12.8zm-192 0h22.4c6.4 0 12.8-6.4 12.8-12.8V140.8c0-6.4-6.4-12.8-12.8-12.8h-22.4c-6.4 0-12.8 6.4-12.8 12.8v198.4c0 6.4 6.4 12.8 12.8 12.8zm96 0h22.4c6.4 0 12.8-6.4 12.8-12.8V204.8c0-6.4-6.4-12.8-12.8-12.8h-22.4c-6.4 0-12.8 6.4-12.8 12.8v134.4c0 6.4 6.4 12.8 12.8 12.8zM496 400H48V80c0-8.84-7.16-16-16-16H16C7.16 64 0 71.16 0 80v336c0 17.67 14.33 32 32 32h464c8.84 0 16-7.16 16-16v-16c0-8.84-7.16-16-16-16zm-387.2-48h22.4c6.4 0 12.8-6.4 12.8-12.8v-70.4c0-6.4-6.4-12.8-12.8-12.8h-22.4c-6.4 0-12.8 6.4-12.8 12.8v70.4c0 6.4 6.4 12.8 12.8 12.8z\" class=\"\"><\/path><\/svg><\/i> <img decoding=\"async\" width=\"16\" height=\"16\" alt=\"Loading\" src=\"https:\/\/blog.fh-kaernten.at\/ingmarsretro\/wp-content\/plugins\/page-views-count\/ajax-loader-2x.gif\" border=0 \/><\/p>\n<div class=\"pvc_clear\"><\/div>\n<div id=\"attachment_4691\" style=\"width: 235px\" class=\"wp-caption alignleft\"><a href=\"https:\/\/blog.fh-kaernten.at\/ingmarsretro\/files\/2019\/12\/IMG_20191211_112458586-scaled.jpg\"><img fetchpriority=\"high\" decoding=\"async\" aria-describedby=\"caption-attachment-4691\" class=\"wp-image-4691 size-medium\" src=\"https:\/\/blog.fh-kaernten.at\/ingmarsretro\/files\/2019\/12\/IMG_20191211_112458586-225x300.jpg\" alt=\"\" width=\"225\" height=\"300\" srcset=\"https:\/\/blog.fh-kaernten.at\/ingmarsretro\/files\/2019\/12\/IMG_20191211_112458586-225x300.jpg 225w, https:\/\/blog.fh-kaernten.at\/ingmarsretro\/files\/2019\/12\/IMG_20191211_112458586-768x1024.jpg 768w, https:\/\/blog.fh-kaernten.at\/ingmarsretro\/files\/2019\/12\/IMG_20191211_112458586-1152x1536.jpg 1152w, https:\/\/blog.fh-kaernten.at\/ingmarsretro\/files\/2019\/12\/IMG_20191211_112458586-1536x2048.jpg 1536w, https:\/\/blog.fh-kaernten.at\/ingmarsretro\/files\/2019\/12\/IMG_20191211_112458586-scaled.jpg 1920w\" sizes=\"(max-width: 225px) 100vw, 225px\" \/><\/a><p id=\"caption-attachment-4691\" class=\"wp-caption-text\">Universelle Ladeschale<\/p><\/div>\n<p style=\"text-align: justify\">F\u00fcr viele VW und Audi Modelle gibt es als Zubeh\u00f6r eine universelle Handyladeschale f\u00fcr Mittelarmlehne. Diese Ladeschale erm\u00f6glicht es, die Antenne des Handys \u00fcber eine in der Ladeschale integrierte Patch-Antenne zu koppeln und mit der Fahrzeugantenne zu verbinden. Dazu gen\u00fcgt es, das Telefon oder Smartphone einfach in die Schale zu legen und die Antenne ist gekoppelt. Diese &#8222;Schale&#8220; besitzt unter einer Klappe auch einen USB Anschluss. Wenn man hier einfach ein beliebiges USB-Handyladekabel anschlie\u00dft (z.B. USB auf USB-C) dann wird nichts passieren. Das Handy wird nicht geladen. Daf\u00fcr kann man entsprechende Kabel als Zubeh\u00f6r erwerben.<\/p>\n<p><a href=\"https:\/\/blog.fh-kaernten.at\/ingmarsretro\/files\/2019\/12\/IMG_20191211_112418352-scaled.jpg\"><img decoding=\"async\" class=\"aligncenter size-medium wp-image-4689\" src=\"https:\/\/blog.fh-kaernten.at\/ingmarsretro\/files\/2019\/12\/IMG_20191211_112418352-225x300.jpg\" alt=\"\" width=\"225\" height=\"300\" srcset=\"https:\/\/blog.fh-kaernten.at\/ingmarsretro\/files\/2019\/12\/IMG_20191211_112418352-225x300.jpg 225w, https:\/\/blog.fh-kaernten.at\/ingmarsretro\/files\/2019\/12\/IMG_20191211_112418352-768x1024.jpg 768w, https:\/\/blog.fh-kaernten.at\/ingmarsretro\/files\/2019\/12\/IMG_20191211_112418352-1152x1536.jpg 1152w, https:\/\/blog.fh-kaernten.at\/ingmarsretro\/files\/2019\/12\/IMG_20191211_112418352-1536x2048.jpg 1536w, https:\/\/blog.fh-kaernten.at\/ingmarsretro\/files\/2019\/12\/IMG_20191211_112418352-scaled.jpg 1920w\" sizes=\"(max-width: 225px) 100vw, 225px\" \/><\/a><\/p>\n<p style=\"text-align: justify\">Man kann diese &#8222;Ladeschale&#8220; aber auch \u00f6ffnen und sehen was in dem Geh\u00e4use steckt und sich selber eine L\u00f6sung basteln. Dann sollte es m\u00f6glich sein, jedes USB Kabel anzustecken und nicht wieder eines erwerben zu m\u00fcssen. Zumal ja schon jeder etliche Kabel zu Hause hat. Also raus mit den Schrauben (sind \u00fcbrigens Torx) und &#8218;runter mit dem Deckel.<\/p>\n<div id=\"attachment_4690\" style=\"width: 235px\" class=\"wp-caption aligncenter\"><a href=\"https:\/\/blog.fh-kaernten.at\/ingmarsretro\/files\/2019\/12\/IMG_20191211_112448133_HDR-scaled.jpg\"><img loading=\"lazy\" decoding=\"async\" aria-describedby=\"caption-attachment-4690\" class=\"wp-image-4690 size-medium\" src=\"https:\/\/blog.fh-kaernten.at\/ingmarsretro\/files\/2019\/12\/IMG_20191211_112448133_HDR-225x300.jpg\" alt=\"\" width=\"225\" height=\"300\" srcset=\"https:\/\/blog.fh-kaernten.at\/ingmarsretro\/files\/2019\/12\/IMG_20191211_112448133_HDR-225x300.jpg 225w, https:\/\/blog.fh-kaernten.at\/ingmarsretro\/files\/2019\/12\/IMG_20191211_112448133_HDR-768x1024.jpg 768w, https:\/\/blog.fh-kaernten.at\/ingmarsretro\/files\/2019\/12\/IMG_20191211_112448133_HDR-1152x1536.jpg 1152w, https:\/\/blog.fh-kaernten.at\/ingmarsretro\/files\/2019\/12\/IMG_20191211_112448133_HDR-1536x2048.jpg 1536w, https:\/\/blog.fh-kaernten.at\/ingmarsretro\/files\/2019\/12\/IMG_20191211_112448133_HDR-scaled.jpg 1920w\" sizes=\"(max-width: 225px) 100vw, 225px\" \/><\/a><p id=\"caption-attachment-4690\" class=\"wp-caption-text\">Antennenplatine<\/p><\/div>\n<p style=\"text-align: justify\">Unter dem oberen Geh\u00e4usedeckel kommt eine schwarz lackierte Platine zum Vorschein. Diese stellt die Antennenstruktur dar und ist mit an den Enden verschmolzenen Kunststoff Bolzen befestigt.<\/p>\n<div id=\"attachment_4692\" style=\"width: 310px\" class=\"wp-caption aligncenter\"><a href=\"https:\/\/blog.fh-kaernten.at\/ingmarsretro\/files\/2019\/12\/IMG_20191211_112522728-scaled.jpg\"><img loading=\"lazy\" decoding=\"async\" aria-describedby=\"caption-attachment-4692\" class=\"wp-image-4692 size-medium\" src=\"https:\/\/blog.fh-kaernten.at\/ingmarsretro\/files\/2019\/12\/IMG_20191211_112522728-300x225.jpg\" alt=\"\" width=\"300\" height=\"225\" srcset=\"https:\/\/blog.fh-kaernten.at\/ingmarsretro\/files\/2019\/12\/IMG_20191211_112522728-300x225.jpg 300w, https:\/\/blog.fh-kaernten.at\/ingmarsretro\/files\/2019\/12\/IMG_20191211_112522728-1024x768.jpg 1024w, https:\/\/blog.fh-kaernten.at\/ingmarsretro\/files\/2019\/12\/IMG_20191211_112522728-768x576.jpg 768w, https:\/\/blog.fh-kaernten.at\/ingmarsretro\/files\/2019\/12\/IMG_20191211_112522728-1536x1152.jpg 1536w, https:\/\/blog.fh-kaernten.at\/ingmarsretro\/files\/2019\/12\/IMG_20191211_112522728-2048x1536.jpg 2048w\" sizes=\"(max-width: 300px) 100vw, 300px\" \/><\/a><p id=\"caption-attachment-4692\" class=\"wp-caption-text\">Antennenplatine entfernt<\/p><\/div>\n<p style=\"text-align: justify\">Ist die Antennenplatine gel\u00f6st, so kann man sie vorsichtig herunterheben. Das Koaxialkabel ist an der Platine festgel\u00f6tet. Man sollte also nicht zu fest daran ziehen.<\/p>\n<p style=\"text-align: justify\"><a href=\"https:\/\/blog.fh-kaernten.at\/ingmarsretro\/files\/2019\/12\/IMG_20191211_112530177_HDR-scaled.jpg\"><img loading=\"lazy\" decoding=\"async\" class=\"aligncenter size-medium wp-image-4693\" src=\"https:\/\/blog.fh-kaernten.at\/ingmarsretro\/files\/2019\/12\/IMG_20191211_112530177_HDR-300x225.jpg\" alt=\"\" width=\"300\" height=\"225\" srcset=\"https:\/\/blog.fh-kaernten.at\/ingmarsretro\/files\/2019\/12\/IMG_20191211_112530177_HDR-300x225.jpg 300w, https:\/\/blog.fh-kaernten.at\/ingmarsretro\/files\/2019\/12\/IMG_20191211_112530177_HDR-1024x768.jpg 1024w, https:\/\/blog.fh-kaernten.at\/ingmarsretro\/files\/2019\/12\/IMG_20191211_112530177_HDR-768x576.jpg 768w, https:\/\/blog.fh-kaernten.at\/ingmarsretro\/files\/2019\/12\/IMG_20191211_112530177_HDR-1536x1152.jpg 1536w, https:\/\/blog.fh-kaernten.at\/ingmarsretro\/files\/2019\/12\/IMG_20191211_112530177_HDR-2048x1536.jpg 2048w\" sizes=\"(max-width: 300px) 100vw, 300px\" \/><\/a><\/p>\n<p style=\"text-align: justify\">Jetzt k\u00f6nnen die Schrauben des darunter liegenden Boards entfernt werden. Die Platine ist jetzt frei. Auf Ihr befindet sich unter anderen auch die DC-DC Converter Schaltung f\u00fcr die Stromversorgung der USB-Buchse.<\/p>\n<p style=\"text-align: justify\"><a href=\"https:\/\/blog.fh-kaernten.at\/ingmarsretro\/files\/2019\/12\/IMG_20191211_112630483-scaled.jpg\"><img loading=\"lazy\" decoding=\"async\" class=\"aligncenter size-medium wp-image-4695\" src=\"https:\/\/blog.fh-kaernten.at\/ingmarsretro\/files\/2019\/12\/IMG_20191211_112630483-300x225.jpg\" alt=\"\" width=\"300\" height=\"225\" srcset=\"https:\/\/blog.fh-kaernten.at\/ingmarsretro\/files\/2019\/12\/IMG_20191211_112630483-300x225.jpg 300w, https:\/\/blog.fh-kaernten.at\/ingmarsretro\/files\/2019\/12\/IMG_20191211_112630483-1024x768.jpg 1024w, https:\/\/blog.fh-kaernten.at\/ingmarsretro\/files\/2019\/12\/IMG_20191211_112630483-768x576.jpg 768w, https:\/\/blog.fh-kaernten.at\/ingmarsretro\/files\/2019\/12\/IMG_20191211_112630483-1536x1152.jpg 1536w, https:\/\/blog.fh-kaernten.at\/ingmarsretro\/files\/2019\/12\/IMG_20191211_112630483-2048x1536.jpg 2048w\" sizes=\"(max-width: 300px) 100vw, 300px\" \/><\/a>Wenn man die Schaltung genauer untersucht so gibt es keine direkte Verbindung zum Minuskontakt der USB-Buchse. Die Masse des DC-Converters liegt am Shield der USB-Buchse an. Der Pluskontakt stimmt.<\/p>\n<p style=\"text-align: justify\"><a href=\"https:\/\/blog.fh-kaernten.at\/ingmarsretro\/files\/2019\/12\/IMG_20191211_120040145-scaled.jpg\"><img loading=\"lazy\" decoding=\"async\" class=\"aligncenter wp-image-4696 size-medium\" src=\"https:\/\/blog.fh-kaernten.at\/ingmarsretro\/files\/2019\/12\/IMG_20191211_120040145-300x225.jpg\" alt=\"\" width=\"300\" height=\"225\" srcset=\"https:\/\/blog.fh-kaernten.at\/ingmarsretro\/files\/2019\/12\/IMG_20191211_120040145-300x225.jpg 300w, https:\/\/blog.fh-kaernten.at\/ingmarsretro\/files\/2019\/12\/IMG_20191211_120040145-1024x768.jpg 1024w, https:\/\/blog.fh-kaernten.at\/ingmarsretro\/files\/2019\/12\/IMG_20191211_120040145-768x576.jpg 768w, https:\/\/blog.fh-kaernten.at\/ingmarsretro\/files\/2019\/12\/IMG_20191211_120040145-1536x1152.jpg 1536w, https:\/\/blog.fh-kaernten.at\/ingmarsretro\/files\/2019\/12\/IMG_20191211_120040145-2048x1536.jpg 2048w\" sizes=\"(max-width: 300px) 100vw, 300px\" \/><\/a>Eine kleine Modifikation schafft Abhilfe. Im Bild unten sind die \u00c4nderungen eingekreist.<\/p>\n<p><a href=\"https:\/\/blog.fh-kaernten.at\/ingmarsretro\/files\/2019\/12\/dsBuffer.bmp_.png\"><img loading=\"lazy\" decoding=\"async\" class=\"aligncenter size-medium wp-image-4716\" src=\"https:\/\/blog.fh-kaernten.at\/ingmarsretro\/files\/2019\/12\/dsBuffer.bmp_-300x225.png\" alt=\"\" width=\"300\" height=\"225\" srcset=\"https:\/\/blog.fh-kaernten.at\/ingmarsretro\/files\/2019\/12\/dsBuffer.bmp_-300x225.png 300w, https:\/\/blog.fh-kaernten.at\/ingmarsretro\/files\/2019\/12\/dsBuffer.bmp_-1024x768.png 1024w, https:\/\/blog.fh-kaernten.at\/ingmarsretro\/files\/2019\/12\/dsBuffer.bmp_-768x576.png 768w, https:\/\/blog.fh-kaernten.at\/ingmarsretro\/files\/2019\/12\/dsBuffer.bmp_-1536x1152.png 1536w, https:\/\/blog.fh-kaernten.at\/ingmarsretro\/files\/2019\/12\/dsBuffer.bmp_-2048x1536.png 2048w\" sizes=\"(max-width: 300px) 100vw, 300px\" \/><\/a><\/p>\n<p style=\"text-align: justify\">An der rot markierten Stelle befindet sich ein SMD Kondensator. Diesen habe ich ausgel\u00f6tet und damit er nicht verloren geht und ich ggf. wieder R\u00fcckbauen kann, an einer Seite&nbsp;an dem darunter befindlichen Kondensator festgel\u00f6tet. (er befindet sich jetzt funktionslos an der gr\u00fcn markierten Position. An dessen urspr\u00fcngliche Stelle (rote Markierung) habe ich ein kleines St\u00fcck Draht gel\u00f6tet. Dieser stellt eine niederohmige Verbindung zwischen dem Minus-Pin der USB Buchse und dem Schirm dar. Somit wird der USB Port auch ohne spezielles Kabel mit Energie versorgt.<\/p>\n<p>&nbsp;<\/p>\n","protected":false},"excerpt":{"rendered":"<div class=\"pvc_clear\"><\/div>\n<p id=\"pvc_stats_4705\" class=\"pvc_stats all  \" data-element-id=\"4705\" style=\"\"><i class=\"pvc-stats-icon medium\" aria-hidden=\"true\"><svg aria-hidden=\"true\" focusable=\"false\" data-prefix=\"far\" data-icon=\"chart-bar\" role=\"img\" xmlns=\"http:\/\/www.w3.org\/2000\/svg\" viewBox=\"0 0 512 512\" class=\"svg-inline--fa fa-chart-bar fa-w-16 fa-2x\"><path fill=\"currentColor\" d=\"M396.8 352h22.4c6.4 0 12.8-6.4 12.8-12.8V108.8c0-6.4-6.4-12.8-12.8-12.8h-22.4c-6.4 0-12.8 6.4-12.8 12.8v230.4c0 6.4 6.4 12.8 12.8 12.8zm-192 0h22.4c6.4 0 12.8-6.4 12.8-12.8V140.8c0-6.4-6.4-12.8-12.8-12.8h-22.4c-6.4 0-12.8 6.4-12.8 12.8v198.4c0 6.4 6.4 12.8 12.8 12.8zm96 0h22.4c6.4 0 12.8-6.4 12.8-12.8V204.8c0-6.4-6.4-12.8-12.8-12.8h-22.4c-6.4 0-12.8 6.4-12.8 12.8v134.4c0 6.4 6.4 12.8 12.8 12.8zM496 400H48V80c0-8.84-7.16-16-16-16H16C7.16 64 0 71.16 0 80v336c0 17.67 14.33 32 32 32h464c8.84 0 16-7.16 16-16v-16c0-8.84-7.16-16-16-16zm-387.2-48h22.4c6.4 0 12.8-6.4 12.8-12.8v-70.4c0-6.4-6.4-12.8-12.8-12.8h-22.4c-6.4 0-12.8 6.4-12.8 12.8v70.4c0 6.4 6.4 12.8 12.8 12.8z\" class=\"\"><\/path><\/svg><\/i> <img decoding=\"async\" width=\"16\" height=\"16\" alt=\"Loading\" src=\"https:\/\/blog.fh-kaernten.at\/ingmarsretro\/wp-content\/plugins\/page-views-count\/ajax-loader-2x.gif\" border=0 \/><\/p>\n<div class=\"pvc_clear\"><\/div>\n<p>F\u00fcr viele VW und Audi Modelle gibt es als Zubeh\u00f6r eine universelle Handyladeschale f\u00fcr Mittelarmlehne. Diese Ladeschale erm\u00f6glicht es, die Antenne des Handys \u00fcber eine in der Ladeschale integrierte Patch-Antenne zu koppeln und mit der Fahrzeugantenne zu verbinden. Dazu gen\u00fcgt es, das Telefon oder Smartphone einfach in die Schale zu legen und die Antenne ist&hellip; <br \/> <a class=\"read-more\" href=\"https:\/\/blog.fh-kaernten.at\/ingmarsretro\/2020\/01\/02\/vw-audi-handyadapter-usb-buchse-umbau\/\">Weiterlesen<\/a><\/p>\n","protected":false},"author":86,"featured_media":4694,"comment_status":"open","ping_status":"open","sticky":false,"template":"","format":"standard","meta":{"inline_featured_image":false,"ngg_post_thumbnail":0,"footnotes":""},"categories":[57],"tags":[1368,1363,1364,1365,1367,1366,1369],"class_list":["post-4705","post","type-post","status-publish","format-standard","has-post-thumbnail","hentry","category-elektronikbastler","tag-4g0-051-435","tag-audi","tag-audi-handyadapter","tag-audi-handyadapter-universal-mit-usb-ladefunktion","tag-audi-ladeschale","tag-ladeschale","tag-universelle-handyablage"],"a3_pvc":{"activated":true,"total_views":479,"today_views":0},"_links":{"self":[{"href":"https:\/\/blog.fh-kaernten.at\/ingmarsretro\/wp-json\/wp\/v2\/posts\/4705","targetHints":{"allow":["GET"]}}],"collection":[{"href":"https:\/\/blog.fh-kaernten.at\/ingmarsretro\/wp-json\/wp\/v2\/posts"}],"about":[{"href":"https:\/\/blog.fh-kaernten.at\/ingmarsretro\/wp-json\/wp\/v2\/types\/post"}],"author":[{"embeddable":true,"href":"https:\/\/blog.fh-kaernten.at\/ingmarsretro\/wp-json\/wp\/v2\/users\/86"}],"replies":[{"embeddable":true,"href":"https:\/\/blog.fh-kaernten.at\/ingmarsretro\/wp-json\/wp\/v2\/comments?post=4705"}],"version-history":[{"count":0,"href":"https:\/\/blog.fh-kaernten.at\/ingmarsretro\/wp-json\/wp\/v2\/posts\/4705\/revisions"}],"wp:featuredmedia":[{"embeddable":true,"href":"https:\/\/blog.fh-kaernten.at\/ingmarsretro\/wp-json\/wp\/v2\/media\/4694"}],"wp:attachment":[{"href":"https:\/\/blog.fh-kaernten.at\/ingmarsretro\/wp-json\/wp\/v2\/media?parent=4705"}],"wp:term":[{"taxonomy":"category","embeddable":true,"href":"https:\/\/blog.fh-kaernten.at\/ingmarsretro\/wp-json\/wp\/v2\/categories?post=4705"},{"taxonomy":"post_tag","embeddable":true,"href":"https:\/\/blog.fh-kaernten.at\/ingmarsretro\/wp-json\/wp\/v2\/tags?post=4705"}],"curies":[{"name":"wp","href":"https:\/\/api.w.org\/{rel}","templated":true}]}}