{"id":2646,"date":"2017-04-30T07:38:22","date_gmt":"2017-04-30T06:38:22","guid":{"rendered":"http:\/\/blog.fh-kaernten.at\/ingmarsretro\/?p=2646"},"modified":"2021-02-15T12:39:01","modified_gmt":"2021-02-15T11:39:01","slug":"philips-radio-recorder-22ar090","status":"publish","type":"post","link":"https:\/\/blog.fh-kaernten.at\/ingmarsretro\/2017\/04\/30\/philips-radio-recorder-22ar090\/","title":{"rendered":"Philips Radio Recorder 22AR090"},"content":{"rendered":"<div class=\"pvc_clear\"><\/div>\n<p id=\"pvc_stats_2646\" class=\"pvc_stats all  \" data-element-id=\"2646\" style=\"\"><i class=\"pvc-stats-icon medium\" aria-hidden=\"true\"><svg aria-hidden=\"true\" focusable=\"false\" data-prefix=\"far\" data-icon=\"chart-bar\" role=\"img\" xmlns=\"http:\/\/www.w3.org\/2000\/svg\" viewBox=\"0 0 512 512\" class=\"svg-inline--fa fa-chart-bar fa-w-16 fa-2x\"><path fill=\"currentColor\" d=\"M396.8 352h22.4c6.4 0 12.8-6.4 12.8-12.8V108.8c0-6.4-6.4-12.8-12.8-12.8h-22.4c-6.4 0-12.8 6.4-12.8 12.8v230.4c0 6.4 6.4 12.8 12.8 12.8zm-192 0h22.4c6.4 0 12.8-6.4 12.8-12.8V140.8c0-6.4-6.4-12.8-12.8-12.8h-22.4c-6.4 0-12.8 6.4-12.8 12.8v198.4c0 6.4 6.4 12.8 12.8 12.8zm96 0h22.4c6.4 0 12.8-6.4 12.8-12.8V204.8c0-6.4-6.4-12.8-12.8-12.8h-22.4c-6.4 0-12.8 6.4-12.8 12.8v134.4c0 6.4 6.4 12.8 12.8 12.8zM496 400H48V80c0-8.84-7.16-16-16-16H16C7.16 64 0 71.16 0 80v336c0 17.67 14.33 32 32 32h464c8.84 0 16-7.16 16-16v-16c0-8.84-7.16-16-16-16zm-387.2-48h22.4c6.4 0 12.8-6.4 12.8-12.8v-70.4c0-6.4-6.4-12.8-12.8-12.8h-22.4c-6.4 0-12.8 6.4-12.8 12.8v70.4c0 6.4 6.4 12.8 12.8 12.8z\" class=\"\"><\/path><\/svg><\/i> <img decoding=\"async\" width=\"16\" height=\"16\" alt=\"Loading\" src=\"https:\/\/blog.fh-kaernten.at\/ingmarsretro\/wp-content\/plugins\/page-views-count\/ajax-loader-2x.gif\" border=0 \/><\/p>\n<div class=\"pvc_clear\"><\/div>\n<div id=\"attachment_2683\" style=\"width: 310px\" class=\"wp-caption alignleft\"><a href=\"http:\/\/blog.fh-kaernten.at\/ingmarsretro\/files\/2017\/04\/DSC_6533.jpg\"><img fetchpriority=\"high\" decoding=\"async\" aria-describedby=\"caption-attachment-2683\" class=\"wp-image-2683 size-medium\" src=\"http:\/\/blog.fh-kaernten.at\/ingmarsretro\/files\/2017\/04\/DSC_6533-300x169.jpg\" alt=\"\" width=\"300\" height=\"169\" srcset=\"https:\/\/blog.fh-kaernten.at\/ingmarsretro\/files\/2017\/04\/DSC_6533-300x169.jpg 300w, https:\/\/blog.fh-kaernten.at\/ingmarsretro\/files\/2017\/04\/DSC_6533-768x432.jpg 768w, https:\/\/blog.fh-kaernten.at\/ingmarsretro\/files\/2017\/04\/DSC_6533-1024x576.jpg 1024w\" sizes=\"(max-width: 300px) 100vw, 300px\" \/><\/a><p id=\"caption-attachment-2683\" class=\"wp-caption-text\">Philips 22AR090<\/p><\/div>\n<p style=\"text-align: justify\">Ein riesiges Dankesch\u00f6n muss ich an dieser Stelle ich an Herrn Matthias Haselberger aussprechen. Als ehemaliger Entwickler bei dem Elektronikkonzern Philips und jetzigem Kollegen an der FH K\u00e4rnten, hat mir Matthias es m\u00f6glich gemacht, den Radio-Recorder Philips 22AR090 aus meiner Jugendzeit wieder zu bekommen, um ihn in die&nbsp;Sammlung aufnehmen zu k\u00f6nnen. Vielen Dank f\u00fcr diese Spende!<\/p>\n<p style=\"text-align: justify\">Der Radiorecorder Philips 22AR090 wurde 1981\/1982 von Philips in \u00d6sterreich entwickelt und hergestellt. Er war damals einer meiner ersten Recorder und hat mich mit den Hits der Zeit versorgt. Leider war, wie bei vielen technischen Ger\u00e4ten zu der Zeit, mein Interesse am Innenleben auch sehr gro\u00df, was aber oft aufgrund des fehlenden Wissens, den Tod des Ger\u00e4tes zur Folge hatte. So kam es beispielsweise vor, dass ein im Ger\u00e4t untergebrachter Schalter zur Spannungsumschaltung 110\/220V, aus reiner Neugier w\u00e4hrend dem Betrieb umgeschaltet wurde. Das Resultat war ein Rauchzeichen aus dem Transformator und dem anschlie\u00dfenden Schweigen des Radios&#8230;<\/p>\n<div id=\"attachment_2682\" style=\"width: 310px\" class=\"wp-caption aligncenter\"><a href=\"http:\/\/blog.fh-kaernten.at\/ingmarsretro\/files\/2017\/04\/20170429_144255.jpg\"><img decoding=\"async\" aria-describedby=\"caption-attachment-2682\" class=\"wp-image-2682 size-medium\" src=\"http:\/\/blog.fh-kaernten.at\/ingmarsretro\/files\/2017\/04\/20170429_144255-300x254.jpg\" alt=\"\" width=\"300\" height=\"254\" srcset=\"https:\/\/blog.fh-kaernten.at\/ingmarsretro\/files\/2017\/04\/20170429_144255-300x254.jpg 300w, https:\/\/blog.fh-kaernten.at\/ingmarsretro\/files\/2017\/04\/20170429_144255-768x650.jpg 768w, https:\/\/blog.fh-kaernten.at\/ingmarsretro\/files\/2017\/04\/20170429_144255-1024x867.jpg 1024w\" sizes=\"(max-width: 300px) 100vw, 300px\" \/><\/a><p id=\"caption-attachment-2682\" class=\"wp-caption-text\">Ein Bild aus 1982. Leider ist der AR090 rechts im Bild nicht gut zu erkennen<\/p><\/div>\n<p style=\"text-align: justify\">zu den technischen Daten des Philips 090:<\/p>\n<p style=\"text-align: left\">Modellbezeichnung: &nbsp; &nbsp; Radio-Recorder 22AR090 \/50<br \/>\nHersteller : &nbsp; &nbsp; &nbsp; &nbsp; &nbsp; &nbsp; &nbsp; &nbsp; &nbsp; &nbsp; &nbsp; &nbsp; Philips &#8211; \u00d6sterreich<br \/>\nHerstellungsjahr: &nbsp; &nbsp; &nbsp; &nbsp; &nbsp; 1981\/1982 &nbsp; &nbsp;<br \/>\nKategorie: &nbsp; &nbsp; &nbsp; &nbsp; &nbsp; &nbsp; &nbsp; &nbsp; &nbsp; &nbsp; &nbsp; &nbsp; &nbsp; Rundfunkempf\u00e4nger mit Kassettenrecorder<br \/>\nHalbleiter: &nbsp; &nbsp; &nbsp; &nbsp; &nbsp; &nbsp; &nbsp; &nbsp; &nbsp; &nbsp; &nbsp; &nbsp; &nbsp; BF324 BF495 BC548 BC549 TDA1011 &nbsp; &nbsp; &nbsp; &nbsp; &nbsp; &nbsp; &nbsp; &nbsp; &nbsp; &nbsp; &nbsp; &nbsp; &nbsp; &nbsp; &nbsp; &nbsp; &nbsp; &nbsp; &nbsp; &nbsp; &nbsp; &nbsp; &nbsp; &nbsp; &nbsp;<br \/>\n&nbsp; &nbsp; &nbsp; &nbsp; &nbsp; &nbsp; &nbsp; &nbsp; &nbsp; &nbsp; &nbsp; &nbsp; &nbsp; &nbsp; &nbsp; &nbsp; &nbsp; &nbsp; &nbsp; &nbsp; &nbsp; &nbsp; &nbsp; &nbsp; &nbsp; &nbsp;TDA1220 TDA1059<br \/>\nHauptprinzip: &nbsp; &nbsp; &nbsp; &nbsp; &nbsp; &nbsp; &nbsp; &nbsp; &nbsp; &nbsp;Superhet allgemein; ZF\/IF 468\/10700 kHz<br \/>\nWellenbereiche: &nbsp; &nbsp; &nbsp; &nbsp; &nbsp; &nbsp; &nbsp;Mittelwelle und UKW (FM)<\/p>\n<p style=\"text-align: left\">Funktionen: &nbsp; &nbsp; &nbsp; &nbsp; &nbsp; &nbsp; &nbsp; &nbsp; &nbsp; &nbsp; &nbsp; &nbsp;UKW\/Mittelwellenempf\u00e4nger &amp; &nbsp;<br \/>\n&nbsp; &nbsp; &nbsp; &nbsp; &nbsp; &nbsp; &nbsp; &nbsp; &nbsp; &nbsp; &nbsp; &nbsp; &nbsp; &nbsp; &nbsp; &nbsp; &nbsp; &nbsp; &nbsp; &nbsp; &nbsp; &nbsp; &nbsp; &nbsp; &nbsp; &nbsp;Kassettenrecorder und -spieler<br \/>\nEnergieversorgung:&nbsp; &nbsp; &nbsp; &nbsp;Netzbetrieb:&nbsp; 127V, 220 V<br \/>\n&nbsp; &nbsp; &nbsp; &nbsp; &nbsp; &nbsp; &nbsp; &nbsp; &nbsp; &nbsp; &nbsp; &nbsp; &nbsp; &nbsp; &nbsp; &nbsp; &nbsp; &nbsp; &nbsp; &nbsp; &nbsp; &nbsp; &nbsp; &nbsp; &nbsp; &nbsp;Batteriebetrieb: 6 \u00d7 1,5 Volt<br \/>\nLautsprecher : &nbsp; &nbsp; &nbsp; &nbsp; &nbsp; &nbsp; &nbsp; &nbsp; &nbsp;Dynamischer Lautsprecher \u00d8 11 cm Ausgangsleistung: &nbsp; &nbsp; &nbsp; &nbsp; &nbsp;1 W<br \/>\nMaterial: &nbsp; &nbsp; &nbsp; &nbsp; &nbsp; &nbsp; &nbsp; &nbsp; &nbsp; &nbsp; &nbsp; &nbsp; &nbsp; &nbsp; &nbsp;Plastikgeh\u00e4use, Thermoplast<br \/>\nAbmessungen (BHT) : &nbsp;320 x 175 x 70 mm \/ 12.6 x 6.9 x 2.8 inch<br \/>\nNettogewicht: &nbsp; &nbsp; &nbsp; &nbsp; &nbsp; &nbsp; &nbsp; &nbsp; &nbsp;1.5 kg<\/p>\n<p><a href=\"http:\/\/blog.fh-kaernten.at\/ingmarsretro\/files\/2017\/04\/DSC_6539.jpg\"><img loading=\"lazy\" decoding=\"async\" class=\"aligncenter size-medium wp-image-2689\" src=\"http:\/\/blog.fh-kaernten.at\/ingmarsretro\/files\/2017\/04\/DSC_6539-300x169.jpg\" alt=\"\" width=\"300\" height=\"169\" srcset=\"https:\/\/blog.fh-kaernten.at\/ingmarsretro\/files\/2017\/04\/DSC_6539-300x169.jpg 300w, https:\/\/blog.fh-kaernten.at\/ingmarsretro\/files\/2017\/04\/DSC_6539-768x432.jpg 768w, https:\/\/blog.fh-kaernten.at\/ingmarsretro\/files\/2017\/04\/DSC_6539-1024x576.jpg 1024w\" sizes=\"(max-width: 300px) 100vw, 300px\" \/><\/a><\/p>\n<p><a href=\"http:\/\/blog.fh-kaernten.at\/ingmarsretro\/files\/2017\/04\/DSC_6534.jpg\"><img loading=\"lazy\" decoding=\"async\" class=\"aligncenter size-medium wp-image-2684\" src=\"http:\/\/blog.fh-kaernten.at\/ingmarsretro\/files\/2017\/04\/DSC_6534-300x169.jpg\" alt=\"\" width=\"300\" height=\"169\" srcset=\"https:\/\/blog.fh-kaernten.at\/ingmarsretro\/files\/2017\/04\/DSC_6534-300x169.jpg 300w, https:\/\/blog.fh-kaernten.at\/ingmarsretro\/files\/2017\/04\/DSC_6534-768x432.jpg 768w, https:\/\/blog.fh-kaernten.at\/ingmarsretro\/files\/2017\/04\/DSC_6534-1024x576.jpg 1024w\" sizes=\"(max-width: 300px) 100vw, 300px\" \/><\/a><\/p>\n<p style=\"text-align: justify\">Eine gro\u00dfe, \u00fcbersichtliche Skala zeigt die Frequenzen und B\u00e4nder f\u00fcr UKW und MW B\u00e4nder an.<\/p>\n<p><a href=\"http:\/\/blog.fh-kaernten.at\/ingmarsretro\/files\/2017\/04\/DSC_6535.jpg\"><img loading=\"lazy\" decoding=\"async\" class=\"aligncenter size-medium wp-image-2685\" src=\"http:\/\/blog.fh-kaernten.at\/ingmarsretro\/files\/2017\/04\/DSC_6535-300x169.jpg\" alt=\"\" width=\"300\" height=\"169\" srcset=\"https:\/\/blog.fh-kaernten.at\/ingmarsretro\/files\/2017\/04\/DSC_6535-300x169.jpg 300w, https:\/\/blog.fh-kaernten.at\/ingmarsretro\/files\/2017\/04\/DSC_6535-768x432.jpg 768w, https:\/\/blog.fh-kaernten.at\/ingmarsretro\/files\/2017\/04\/DSC_6535-1024x576.jpg 1024w\" sizes=\"(max-width: 300px) 100vw, 300px\" \/><\/a><\/p>\n<p style=\"text-align: justify\">Mit dem Mode-Umschalter wird zwischen Kassetten-, Radio und Microfonbetrieb gew\u00e4hlt. Der &#8222;Selektor&#8220; w\u00e4hlt die Radiob\u00e4nder aus.<\/p>\n<p><a href=\"http:\/\/blog.fh-kaernten.at\/ingmarsretro\/files\/2017\/04\/DSC_6538.jpg\"><img loading=\"lazy\" decoding=\"async\" class=\"aligncenter size-medium wp-image-2688\" src=\"http:\/\/blog.fh-kaernten.at\/ingmarsretro\/files\/2017\/04\/DSC_6538-300x169.jpg\" alt=\"\" width=\"300\" height=\"169\" srcset=\"https:\/\/blog.fh-kaernten.at\/ingmarsretro\/files\/2017\/04\/DSC_6538-300x169.jpg 300w, https:\/\/blog.fh-kaernten.at\/ingmarsretro\/files\/2017\/04\/DSC_6538-768x432.jpg 768w, https:\/\/blog.fh-kaernten.at\/ingmarsretro\/files\/2017\/04\/DSC_6538-1024x576.jpg 1024w\" sizes=\"(max-width: 300px) 100vw, 300px\" \/><\/a><\/p>\n<p style=\"text-align: justify\">Die Tasten f\u00fcr die Bedienung des Kassetten-Laufwerks befinden sich auf der linken oberen Seite. Die Lautst\u00e4rke wird mit einem Schiebepotentiometer eingestellt. (das nach 35Jahren noch immer nicht &#8222;kratzt&#8220;)<\/p>\n<p><a href=\"http:\/\/blog.fh-kaernten.at\/ingmarsretro\/files\/2017\/04\/DSC_6541.jpg\"><img loading=\"lazy\" decoding=\"async\" class=\"aligncenter size-medium wp-image-2690\" src=\"http:\/\/blog.fh-kaernten.at\/ingmarsretro\/files\/2017\/04\/DSC_6541-300x169.jpg\" alt=\"\" width=\"300\" height=\"169\" srcset=\"https:\/\/blog.fh-kaernten.at\/ingmarsretro\/files\/2017\/04\/DSC_6541-300x169.jpg 300w, https:\/\/blog.fh-kaernten.at\/ingmarsretro\/files\/2017\/04\/DSC_6541-768x432.jpg 768w, https:\/\/blog.fh-kaernten.at\/ingmarsretro\/files\/2017\/04\/DSC_6541-1024x576.jpg 1024w\" sizes=\"(max-width: 300px) 100vw, 300px\" \/><\/a><\/p>\n<p style=\"text-align: justify\">Ein Blick ins Innere &#8211; das Bandlaufwerk. Tonkopf, L\u00f6schkopf und Andruckrolle sind in super Zustand. Es sind kaum Einschleifspuren zu sehen.<\/p>\n<p><a href=\"http:\/\/blog.fh-kaernten.at\/ingmarsretro\/files\/2017\/04\/DSC_6542.jpg\"><img loading=\"lazy\" decoding=\"async\" class=\"aligncenter size-medium wp-image-2691\" src=\"http:\/\/blog.fh-kaernten.at\/ingmarsretro\/files\/2017\/04\/DSC_6542-300x169.jpg\" alt=\"\" width=\"300\" height=\"169\" srcset=\"https:\/\/blog.fh-kaernten.at\/ingmarsretro\/files\/2017\/04\/DSC_6542-300x169.jpg 300w, https:\/\/blog.fh-kaernten.at\/ingmarsretro\/files\/2017\/04\/DSC_6542-768x432.jpg 768w, https:\/\/blog.fh-kaernten.at\/ingmarsretro\/files\/2017\/04\/DSC_6542-1024x576.jpg 1024w\" sizes=\"(max-width: 300px) 100vw, 300px\" \/><\/a><\/p>\n<p style=\"text-align: justify\">Die Platine ist mit diskreten, bedrahteten Bauteilen best\u00fcckt und wartungsfreundlich aufgebaut.<\/p>\n<p><a href=\"http:\/\/blog.fh-kaernten.at\/ingmarsretro\/files\/2017\/04\/DSC_6543.jpg\"><img loading=\"lazy\" decoding=\"async\" class=\"aligncenter size-medium wp-image-2692\" src=\"http:\/\/blog.fh-kaernten.at\/ingmarsretro\/files\/2017\/04\/DSC_6543-300x169.jpg\" alt=\"\" width=\"300\" height=\"169\" srcset=\"https:\/\/blog.fh-kaernten.at\/ingmarsretro\/files\/2017\/04\/DSC_6543-300x169.jpg 300w, https:\/\/blog.fh-kaernten.at\/ingmarsretro\/files\/2017\/04\/DSC_6543-768x432.jpg 768w, https:\/\/blog.fh-kaernten.at\/ingmarsretro\/files\/2017\/04\/DSC_6543-1024x576.jpg 1024w\" sizes=\"(max-width: 300px) 100vw, 300px\" \/><\/a><\/p>\n<p style=\"text-align: justify\">Hier ist die \u00dcbersicht aller Baugruppen dargestellt. Die Geh\u00e4useteile werden mit Kreuzschrauben zusammengehalten. Der Lautsprecher ist mit einer Klemmfeder am Geh\u00e4use befestigt und kann mit einem Handgriff samt dem Board und Laufwerk schnell ausgebaut werden.<\/p>\n<div id=\"attachment_2693\" style=\"width: 310px\" class=\"wp-caption aligncenter\"><a href=\"http:\/\/blog.fh-kaernten.at\/ingmarsretro\/files\/2017\/04\/DSC_6544.jpg\"><img loading=\"lazy\" decoding=\"async\" aria-describedby=\"caption-attachment-2693\" class=\"wp-image-2693 size-medium\" src=\"http:\/\/blog.fh-kaernten.at\/ingmarsretro\/files\/2017\/04\/DSC_6544-300x169.jpg\" alt=\"\" width=\"300\" height=\"169\" srcset=\"https:\/\/blog.fh-kaernten.at\/ingmarsretro\/files\/2017\/04\/DSC_6544-300x169.jpg 300w, https:\/\/blog.fh-kaernten.at\/ingmarsretro\/files\/2017\/04\/DSC_6544-768x432.jpg 768w, https:\/\/blog.fh-kaernten.at\/ingmarsretro\/files\/2017\/04\/DSC_6544-1024x576.jpg 1024w\" sizes=\"(max-width: 300px) 100vw, 300px\" \/><\/a><p id=\"caption-attachment-2693\" class=\"wp-caption-text\">Das Mainboard samt Laufwerk.<\/p><\/div>\n<p style=\"text-align: justify\">&nbsp;Rechts unten im Bild ist der Netztransformator, gut abgesetzt von der Niedervoltseite, zu sehen. Das ist Ger\u00e4t ist 35 Jahre alt und funktioniert wie am ersten Tag. Man beachte das Typenschild samt Herstellungsland \ud83d\ude42<\/p>\n<p style=\"text-align: justify\"><a href=\"http:\/\/blog.fh-kaernten.at\/ingmarsretro\/files\/2017\/04\/20170429_143858.jpg\"><img loading=\"lazy\" decoding=\"async\" class=\"aligncenter size-medium wp-image-2681\" src=\"http:\/\/blog.fh-kaernten.at\/ingmarsretro\/files\/2017\/04\/20170429_143858-300x209.jpg\" alt=\"\" width=\"300\" height=\"209\" srcset=\"https:\/\/blog.fh-kaernten.at\/ingmarsretro\/files\/2017\/04\/20170429_143858-300x209.jpg 300w, https:\/\/blog.fh-kaernten.at\/ingmarsretro\/files\/2017\/04\/20170429_143858-768x536.jpg 768w, https:\/\/blog.fh-kaernten.at\/ingmarsretro\/files\/2017\/04\/20170429_143858-1024x714.jpg 1024w\" sizes=\"(max-width: 300px) 100vw, 300px\" \/><\/a><\/p>\n<p>&nbsp;<\/p>\n<p>&nbsp;<\/p>\n","protected":false},"excerpt":{"rendered":"<div class=\"pvc_clear\"><\/div>\n<p id=\"pvc_stats_2646\" class=\"pvc_stats all  \" data-element-id=\"2646\" style=\"\"><i class=\"pvc-stats-icon medium\" aria-hidden=\"true\"><svg aria-hidden=\"true\" focusable=\"false\" data-prefix=\"far\" data-icon=\"chart-bar\" role=\"img\" xmlns=\"http:\/\/www.w3.org\/2000\/svg\" viewBox=\"0 0 512 512\" class=\"svg-inline--fa fa-chart-bar fa-w-16 fa-2x\"><path fill=\"currentColor\" d=\"M396.8 352h22.4c6.4 0 12.8-6.4 12.8-12.8V108.8c0-6.4-6.4-12.8-12.8-12.8h-22.4c-6.4 0-12.8 6.4-12.8 12.8v230.4c0 6.4 6.4 12.8 12.8 12.8zm-192 0h22.4c6.4 0 12.8-6.4 12.8-12.8V140.8c0-6.4-6.4-12.8-12.8-12.8h-22.4c-6.4 0-12.8 6.4-12.8 12.8v198.4c0 6.4 6.4 12.8 12.8 12.8zm96 0h22.4c6.4 0 12.8-6.4 12.8-12.8V204.8c0-6.4-6.4-12.8-12.8-12.8h-22.4c-6.4 0-12.8 6.4-12.8 12.8v134.4c0 6.4 6.4 12.8 12.8 12.8zM496 400H48V80c0-8.84-7.16-16-16-16H16C7.16 64 0 71.16 0 80v336c0 17.67 14.33 32 32 32h464c8.84 0 16-7.16 16-16v-16c0-8.84-7.16-16-16-16zm-387.2-48h22.4c6.4 0 12.8-6.4 12.8-12.8v-70.4c0-6.4-6.4-12.8-12.8-12.8h-22.4c-6.4 0-12.8 6.4-12.8 12.8v70.4c0 6.4 6.4 12.8 12.8 12.8z\" class=\"\"><\/path><\/svg><\/i> <img decoding=\"async\" width=\"16\" height=\"16\" alt=\"Loading\" src=\"https:\/\/blog.fh-kaernten.at\/ingmarsretro\/wp-content\/plugins\/page-views-count\/ajax-loader-2x.gif\" border=0 \/><\/p>\n<div class=\"pvc_clear\"><\/div>\n<p>Ein riesiges Dankesch\u00f6n muss ich an dieser Stelle ich an Herrn Matthias Haselberger aussprechen. Als ehemaliger Entwickler bei dem Elektronikkonzern Philips und jetzigem Kollegen an der FH K\u00e4rnten, hat mir Matthias es m\u00f6glich gemacht, den Radio-Recorder Philips 22AR090 aus meiner Jugendzeit wieder zu bekommen, um ihn in die&nbsp;Sammlung aufnehmen zu k\u00f6nnen. Vielen Dank f\u00fcr diese&hellip; <br \/> <a class=\"read-more\" href=\"https:\/\/blog.fh-kaernten.at\/ingmarsretro\/2017\/04\/30\/philips-radio-recorder-22ar090\/\">Weiterlesen<\/a><\/p>\n","protected":false},"author":86,"featured_media":0,"comment_status":"open","ping_status":"open","sticky":false,"template":"","format":"standard","meta":{"inline_featured_image":false,"ngg_post_thumbnail":0,"footnotes":""},"categories":[92],"tags":[829,835,828,827,834,826,823,824,830,825,831,832,833],"class_list":["post-2646","post","type-post","status-publish","format-standard","hentry","category-nostalgie-technik","tag-22ar090","tag-22ar09050","tag-ar090","tag-haselberger","tag-made-in-austria","tag-matthias-haselberger","tag-philips","tag-philips-althofen","tag-philips-kassetten-recorder","tag-philips-oesterreich","tag-philips-radio-recorder-1980","tag-philips-retro","tag-retrogeraete"],"a3_pvc":{"activated":true,"total_views":476,"today_views":0},"_links":{"self":[{"href":"https:\/\/blog.fh-kaernten.at\/ingmarsretro\/wp-json\/wp\/v2\/posts\/2646","targetHints":{"allow":["GET"]}}],"collection":[{"href":"https:\/\/blog.fh-kaernten.at\/ingmarsretro\/wp-json\/wp\/v2\/posts"}],"about":[{"href":"https:\/\/blog.fh-kaernten.at\/ingmarsretro\/wp-json\/wp\/v2\/types\/post"}],"author":[{"embeddable":true,"href":"https:\/\/blog.fh-kaernten.at\/ingmarsretro\/wp-json\/wp\/v2\/users\/86"}],"replies":[{"embeddable":true,"href":"https:\/\/blog.fh-kaernten.at\/ingmarsretro\/wp-json\/wp\/v2\/comments?post=2646"}],"version-history":[{"count":0,"href":"https:\/\/blog.fh-kaernten.at\/ingmarsretro\/wp-json\/wp\/v2\/posts\/2646\/revisions"}],"wp:attachment":[{"href":"https:\/\/blog.fh-kaernten.at\/ingmarsretro\/wp-json\/wp\/v2\/media?parent=2646"}],"wp:term":[{"taxonomy":"category","embeddable":true,"href":"https:\/\/blog.fh-kaernten.at\/ingmarsretro\/wp-json\/wp\/v2\/categories?post=2646"},{"taxonomy":"post_tag","embeddable":true,"href":"https:\/\/blog.fh-kaernten.at\/ingmarsretro\/wp-json\/wp\/v2\/tags?post=2646"}],"curies":[{"name":"wp","href":"https:\/\/api.w.org\/{rel}","templated":true}]}}